{"id":31433,"date":"2024-02-16T10:34:54","date_gmt":"2024-02-16T10:34:54","guid":{"rendered":"https:\/\/dekkbi.com\/?p=31433"},"modified":"2024-02-16T10:34:55","modified_gmt":"2024-02-16T10:34:55","slug":"rencontre-avec-le-secteur-prive-le-premier-ministre-rassure-le-patronat","status":"publish","type":"post","link":"https:\/\/dekkbi.com\/?p=31433","title":{"rendered":"Rencontre avec le secteur priv\u00e9: Le Premier ministre rassure le patronat"},"content":{"rendered":"\n<p><strong>Le Premier ministre, qui a rencontr\u00e9 hier le patronat, a tent\u00e9 de rassurer les chefs d\u2019entreprise inquiets de la situation politique qui impacte l\u2019environnement \u00e9conomique. Lors de la rencontre, 9 recommandations ont \u00e9t\u00e9 formul\u00e9es pour huiler davantage les relations entre les deux parties.<\/strong><\/p>\n\n\n\n<p><strong>Par Ousmane SOW \u2013&nbsp;<\/strong>Alors que le climat politique est lourd de cons\u00e9quences avec le report de la Pr\u00e9si\u00addentielle, le Premier ministre a rencontr\u00e9 hier le patronat inquiet des r\u00e9percussions de cette d\u00e9cision qui a \u00e9t\u00e9 annul\u00e9e dans la soir\u00e9e par le Conseil constitutionnel. \u00abNous nous trouvons \u00e0 un carrefour o\u00f9 l\u2019histoire de notre pays prend une nouvelle direction, une direction forg\u00e9e par les \u00e9preuves du pass\u00e9 et par nos aspirations communes pour un avenir meilleur. Dans cette conjoncture d\u00e9licate marqu\u00e9e par des tensions politiques et des fragilit\u00e9s persistantes, il est de notre devoir de nous unir, de transcender nos diff\u00e9rences et de forger ensemble un chemin vers la prosp\u00e9rit\u00e9 et la stabilit\u00e9. L\u2019histoire nous enseigne que les p\u00e9riodes de crise sont souvent le creuset o\u00f9 naissent les plus grandes avanc\u00e9es. C\u2019est dans ces moments que notre r\u00e9silience et notre capacit\u00e9 \u00e0 nous r\u00e9inventer sont mises \u00e0 l\u2019\u00e9preuve\u00bb, rassure Amadou Ba, qui rencontrait le secteur priv\u00e9. \u00abAujourd\u2019hui, je vous invite \u00e0 faire preuve de cette m\u00eame r\u00e9silience, \u00e0 saisir les opportunit\u00e9s qui se pr\u00e9sentent \u00e0 nous\u00bb, poursuit-il.<\/p>\n\n\n\n<p>Malgr\u00e9 les inqui\u00e9tudes, il apaise les craintes du patronat. \u00abLa pr\u00e9servation de la paix sociale est n\u00e9cessaire pour poursuivre l\u2019\u0153uvre de diversification de l\u2019\u00e9conomie et la qu\u00eate de comp\u00e9titivit\u00e9. Elle nous permet de mat\u00e9rialiser notre ambition commune de faire \u00e9clore de nouvelles fili\u00e8res comp\u00e9titives pour conqu\u00e9rir le march\u00e9 r\u00e9gional et s\u2019int\u00e9grer harmonieusement dans les cha\u00eenes de valeur mondiales. Vous avez l\u00e9gitimement exprim\u00e9 vos craintes quant aux potentiels effets baissiers des \u00e9v\u00e8nements politiques en cours dans notre pays, les cons\u00e9quences sur la poursuite de vos activit\u00e9s d\u2019investissement, de production et de commercialisation\u00bb, note le Premier ministre.<\/p>\n\n\n\n<p>A la fin de la r\u00e9union, il a formul\u00e9 9 revendications pour continuer \u00e0 soutenir le secteur priv\u00e9 national. Selon la Primature, il \u00abrecevra, une fois par semestre, le patronat pour \u00e9changer avec ses membres sur leurs pr\u00e9occupations et contraintes en vue de consolider la dynamique de partenariat public-priv\u00e9. Le ministre charg\u00e9 de l\u2019Econo\u00admie prendra les dispositions appropri\u00e9es en relation avec le ministre-Secr\u00e9taire g\u00e9n\u00e9ral du gouvernement et l\u2019Apix pour acc\u00e9l\u00e9rer le processus d\u2019adoption du Code des investissements\u00bb. En outre, le ministre \u00abl\u2019Economie prendra les dispositions n\u00e9cessaires pour la mise en \u0153uvre de la strat\u00e9gie d\u2019import-substitution ; le ministre charg\u00e9 des Finances \u00e9tudiera, avec les d\u00e9partements minist\u00e9riels comp\u00e9tents et en concertation avec le secteur priv\u00e9, les voies et moyens d\u2019\u00e9largir le contenu local dans des secteurs porteurs comme l\u2019\u00e9nergie, les infrastructures, le num\u00e9rique et l\u2019industrie\u00bb, poursuit le Premier ministre.<\/p>\n\n\n\n<p>Sans ou\u00adblier que le \u00abministre charg\u00e9 des Finances prendra les mesures diligentes pour rendre op\u00e9rationnel le syst\u00e8me unique de t\u00e9l\u00e9paiement, ainsi que la proc\u00e9dure administrative de t\u00e9l\u00e9d\u00e9claration ; le ministre charg\u00e9 des Finances prendra les dispositions utiles pour le r\u00e8glement, dans les meilleurs d\u00e9lais, de la dette int\u00e9rieure des entreprises ; le ministre charg\u00e9 du Travail, en relation avec les ministres de l\u2019Economie, du Commerce et de l\u2019Industrie, renforcera la concertation public-priv\u00e9 pour finaliser la r\u00e9forme du Code du travail, d\u00e9velopper l\u2019entreprenariat et densifier le financement des Pme et Pmi ; le ministre charg\u00e9 du Travail prendra les dispositions n\u00e9cessaires, en relation avec le Haut-conseil du dialogue social, pour animer, de fa\u00e7on r\u00e9guli\u00e8re, un cadre de concertation avec le secteur priv\u00e9\u00bb. Le ministre-Secr\u00e9taire g\u00e9n\u00e9ral du gouvernement prendra les mesures utiles pour la tenue d\u2019un Conseil interminist\u00e9riel consacr\u00e9 \u00e0 la pr\u00e9paration du prochain Conseil pr\u00e9sidentiel de l\u2019investissement (Cpi).<\/p>\n\n\n\n<p>LEQUOTIDIEN<\/p>\n","protected":false},"excerpt":{"rendered":"<p>Le Premier ministre, qui a rencontr\u00e9 hier le patronat, a tent\u00e9 de rassurer les chefs d\u2019entreprise inquiets de la situation<\/p>\n","protected":false},"author":1,"featured_media":31434,"comment_status":"open","ping_status":"open","sticky":false,"template":"","format":"standard","meta":{"footnotes":""},"categories":[3],"tags":[],"class_list":["post-31433","post","type-post","status-publish","format-standard","has-post-thumbnail","hentry","category-event-more-news"],"_links":{"self":[{"href":"https:\/\/dekkbi.com\/index.php?rest_route=\/wp\/v2\/posts\/31433","targetHints":{"allow":["GET"]}}],"collection":[{"href":"https:\/\/dekkbi.com\/index.php?rest_route=\/wp\/v2\/posts"}],"about":[{"href":"https:\/\/dekkbi.com\/index.php?rest_route=\/wp\/v2\/types\/post"}],"author":[{"embeddable":true,"href":"https:\/\/dekkbi.com\/index.php?rest_route=\/wp\/v2\/users\/1"}],"replies":[{"embeddable":true,"href":"https:\/\/dekkbi.com\/index.php?rest_route=%2Fwp%2Fv2%2Fcomments&post=31433"}],"version-history":[{"count":1,"href":"https:\/\/dekkbi.com\/index.php?rest_route=\/wp\/v2\/posts\/31433\/revisions"}],"predecessor-version":[{"id":31435,"href":"https:\/\/dekkbi.com\/index.php?rest_route=\/wp\/v2\/posts\/31433\/revisions\/31435"}],"wp:featuredmedia":[{"embeddable":true,"href":"https:\/\/dekkbi.com\/index.php?rest_route=\/wp\/v2\/media\/31434"}],"wp:attachment":[{"href":"https:\/\/dekkbi.com\/index.php?rest_route=%2Fwp%2Fv2%2Fmedia&parent=31433"}],"wp:term":[{"taxonomy":"category","embeddable":true,"href":"https:\/\/dekkbi.com\/index.php?rest_route=%2Fwp%2Fv2%2Fcategories&post=31433"},{"taxonomy":"post_tag","embeddable":true,"href":"https:\/\/dekkbi.com\/index.php?rest_route=%2Fwp%2Fv2%2Ftags&post=31433"}],"curies":[{"name":"wp","href":"https:\/\/api.w.org\/{rel}","templated":true}]}}