{"id":31427,"date":"2024-02-16T10:23:54","date_gmt":"2024-02-16T10:23:54","guid":{"rendered":"https:\/\/dekkbi.com\/?p=31427"},"modified":"2024-02-16T10:23:54","modified_gmt":"2024-02-16T10:23:54","slug":"decrispation-politique-premiere-vague-de-liberations","status":"publish","type":"post","link":"https:\/\/dekkbi.com\/?p=31427","title":{"rendered":"D\u00e9crispation politique: Premi\u00e8re vague de lib\u00e9rations"},"content":{"rendered":"\n<p>La lib\u00e9ration des prisonniers \u00e9tait r\u00e9clam\u00e9e par une bonne partie de la population, mais aussi par les leaders de l\u2019opposition. En effet, lors de la r\u00e9union du Conseil des ministres du 7 f\u00e9vrier dernier, le chef de l\u2019Etat, Macky Sall, a donn\u00e9 instruction \u00e0 la Garde des sceaux, ministre de la Justice, de prendre des mesures visant \u00e0 \u00abpacifier l\u2019espace public\u00bb, r\u00e9affirmant ainsi sa d\u00e9termination \u00e0 engager \u00abun processus pragmatique d\u2019apaisement et de r\u00e9conciliation\u00bb. Une semaine apr\u00e8s cette d\u00e9claration, le spectre de la d\u00e9tention s\u2019est \u00e9loign\u00e9 pour plusieurs individus arr\u00eat\u00e9s lors de manifestations, pour des appels \u00e0 l\u2019insurrection ou des d\u00e9clarations portant atteinte \u00e0 la s\u00fbret\u00e9 de l\u2019Etat.<\/p>\n\n\n\n<p>Parmi ceux ayant b\u00e9n\u00e9fici\u00e9 d\u2019une libert\u00e9 provisoire figurent, entre autres personnes, le maire des Parcelles Assainies, Djamil San\u00e9, Toussaint Manga, Sg adjoint de l\u2019ex-parti Pastef, Fadilou Ke\u00efta, membre dudit parti et coordonnateur du \u00abNemeku Tour\u00bb, son camarade Dr Seydou Diallo, Pape Abdoulaye Tour\u00e9, Abdou Karim Gu\u00e8ye \u00abKhrum Khak\u00bb, Pr Cheikh Oumar Diagne, le rappeur Mor Talla Gu\u00e8ye alias \u00abNit Doff\u00bb, ainsi que Aliou San\u00e9, coordonnateur du mouvement \u00abY\u2019en a marre\u00bb, et Yarga Sy, agent de s\u00e9curit\u00e9 a\u00e9roportuaire officiant \u00e0 l\u2019Aibd, qui avait \u00e9t\u00e9 accus\u00e9 d\u2019avoir asperg\u00e9 un liquide \u00e0 Ousmane Sonko, son leader politique, le jour du proc\u00e8s Mame Mbaye Niang-Sonko, lorsqu\u2019il a \u00e9t\u00e9 extrait de son v\u00e9hicule par des \u00e9l\u00e9ments du Gign. Dans cette liste, figure \u00e9galement le pr\u00eacheur de la Sen Tv, Oustaz Assane Seck, qui avait \u00e9t\u00e9 \u00e9crou\u00e9 en mai dernier pour atteinte \u00e0 la s\u00fbret\u00e9 de l\u2019Etat, appel \u00e0 l\u2019insurrection, actes et man\u0153uvres \u00e0 troubler l\u2019ordre public.<\/p>\n\n\n\n<p>Apr\u00e8s leur lib\u00e9ration, c\u2019est un moment de soulagement et de gratitude envers ceux qui ont plaid\u00e9 en leur faveur.<\/p>\n\n\n\n<p>Toutefois, il est probable que cette d\u00e9cision soul\u00e8ve des questions sur les motivations sous-jacentes des autorit\u00e9s et sur la direction que prendra la politique du pays \u00e0 l\u2019avenir. Si certains voient dans cette lib\u00e9ration un geste de bonne volont\u00e9 de la part du gouvernement, une tentative de r\u00e9tablir la confiance avec les segments de la population qui se sentaient marginalis\u00e9s ou r\u00e9prim\u00e9s, d\u2019autres restent sceptiques, craignant que cette mesure ne soit qu\u2019une man\u0153uvre politique pour calmer les critiques nationales et internationales, sans r\u00e9el engagement envers un changement durable. Sur les r\u00e9seaux sociaux, notamment le r\u00e9seau social X, les nouvelles se sont vite r\u00e9pandues.&nbsp;\u00abLa lib\u00e9ration massive des d\u00e9tenus politiques en cours n\u2019est pas un \u00e9v\u00e9nement. Ces gens ne devaient m\u00eame pas \u00eatre en prison\u00bb,&nbsp;a \u00e9crit un internaute.<\/p>\n\n\n\n<p>Les partisans de Sonko campent toujours sur leurs positions, \u00e0 savoir l\u2019organisation d\u2019une \u00e9lection \u00e0 date \u00e9chue.\u00a0\u00abLa communication doit \u00eatre ax\u00e9e sur l\u2019organisation de l\u2019\u00e9lection. Nous voulons notre \u00e9lection ce 25 f\u00e9\u00advrier\u00bb,\u00a0dira-t-il. Et pour l\u2019honorable d\u00e9put\u00e9 Ayib Daff\u00e9,\u00a0\u00able combat continue\u00bb.<\/p>\n\n\n\n<p><br><strong>Par Ousmane SOW<\/strong><\/p>\n","protected":false},"excerpt":{"rendered":"<p>La lib\u00e9ration des prisonniers \u00e9tait r\u00e9clam\u00e9e par une bonne partie de la population, mais aussi par les leaders de l\u2019opposition.<\/p>\n","protected":false},"author":1,"featured_media":31428,"comment_status":"open","ping_status":"open","sticky":false,"template":"","format":"standard","meta":{"footnotes":""},"categories":[21],"tags":[],"class_list":["post-31427","post","type-post","status-publish","format-standard","has-post-thumbnail","hentry","category-societe"],"_links":{"self":[{"href":"https:\/\/dekkbi.com\/index.php?rest_route=\/wp\/v2\/posts\/31427","targetHints":{"allow":["GET"]}}],"collection":[{"href":"https:\/\/dekkbi.com\/index.php?rest_route=\/wp\/v2\/posts"}],"about":[{"href":"https:\/\/dekkbi.com\/index.php?rest_route=\/wp\/v2\/types\/post"}],"author":[{"embeddable":true,"href":"https:\/\/dekkbi.com\/index.php?rest_route=\/wp\/v2\/users\/1"}],"replies":[{"embeddable":true,"href":"https:\/\/dekkbi.com\/index.php?rest_route=%2Fwp%2Fv2%2Fcomments&post=31427"}],"version-history":[{"count":1,"href":"https:\/\/dekkbi.com\/index.php?rest_route=\/wp\/v2\/posts\/31427\/revisions"}],"predecessor-version":[{"id":31429,"href":"https:\/\/dekkbi.com\/index.php?rest_route=\/wp\/v2\/posts\/31427\/revisions\/31429"}],"wp:featuredmedia":[{"embeddable":true,"href":"https:\/\/dekkbi.com\/index.php?rest_route=\/wp\/v2\/media\/31428"}],"wp:attachment":[{"href":"https:\/\/dekkbi.com\/index.php?rest_route=%2Fwp%2Fv2%2Fmedia&parent=31427"}],"wp:term":[{"taxonomy":"category","embeddable":true,"href":"https:\/\/dekkbi.com\/index.php?rest_route=%2Fwp%2Fv2%2Fcategories&post=31427"},{"taxonomy":"post_tag","embeddable":true,"href":"https:\/\/dekkbi.com\/index.php?rest_route=%2Fwp%2Fv2%2Ftags&post=31427"}],"curies":[{"name":"wp","href":"https:\/\/api.w.org\/{rel}","templated":true}]}}