{"id":31421,"date":"2024-02-16T10:18:47","date_gmt":"2024-02-16T10:18:47","guid":{"rendered":"https:\/\/dekkbi.com\/?p=31421"},"modified":"2024-02-16T11:46:55","modified_gmt":"2024-02-16T11:46:55","slug":"la-fsf-dit-avoir-recu-la-notification-de-la-sanction-de-la-caf-contre-krepin-diatta","status":"publish","type":"post","link":"https:\/\/dekkbi.com\/?p=31421","title":{"rendered":"La F\u00e9d\u00e9ration s\u00e9n\u00e9galaise de football (FSF) dit avoir re\u00e7u la notification de la sanction de la Conf\u00e9d\u00e9ration africaine de football (CAF) contre Krepin Diatta"},"content":{"rendered":"\n<p>Dakar, (APS) \u2013 La F\u00e9d\u00e9ration s\u00e9n\u00e9galaise de football (FSF) a annonc\u00e9, jeudi, avoir re\u00e7u la notification de la sanction de la Conf\u00e9d\u00e9ration africaine de football (CAF) \u00e0 l\u2019encontre de l\u2019international s\u00e9n\u00e9galais Kr\u00e9pin Diatta et promet d\u2019\u00e9tudier la possibilit\u00e9 de faire appel de la d\u00e9cision de l\u2019instance continentale.<\/p>\n\n\n\n<p>La CAF a suspendu Kr\u00e9pin Diatta pour quatre matchs dont deux avec sursis et une amende de 10 00 dollars US (6 millions 105 mille francs CFA), une sanction dont la dur\u00e9e d\u2019application est d\u2019un an, pr\u00e9cise l\u2019instance continentale.<\/p>\n\n\n\n<p>Plusieurs m\u00e9dias avaient fait \u00e9tat de cette sanction prononc\u00e9e \u00e0 l\u2019encontre du joueur s\u00e9n\u00e9galais, en lien avec ses propos pol\u00e9miques sur l\u2019arbitrage, apr\u00e8s l\u2019\u00e9limination du S\u00e9n\u00e9gal par la C\u00f4te d\u2019Ivoire en huiti\u00e8me de finale de la 34\u1d49 Coupe d\u2019Afrique des nations, qui s\u2019est tenue du 13 janvier au 11 f\u00e9vrier.<\/p>\n\n\n\n<p>Il aurait trait\u00e9 de \u201ccorrompu\u201d un officier m\u00e9dia de la CAF.<\/p>\n\n\n\n<p>Mercredi, la FSF avait publi\u00e9 un communiqu\u00e9 pour pr\u00e9ciser qu\u2019elle n\u2019avait encore re\u00e7u aucune notification d\u2019une sanction de l\u2019instance en charge du football africain \u00e0 l\u2019encontre du joueur s\u00e9n\u00e9galais.<\/p>\n\n\n\n<p>La F\u00e9d\u00e9ration s\u00e9n\u00e9galaise avait confirm\u00e9 que le soci\u00e9taire de Monaco (France) a \u201ceffectivement fait l\u2019objet d\u2019une proc\u00e9dure d\u2019enqu\u00eate disciplinaire ouverte par la CAF\u201d, en lien avec les faits en question.<\/p>\n\n\n\n<p>Kr\u00e9pin Diatta a r\u00e9pondu par \u00e9crit \u00e0 la demande d\u2019explication de la CAF et a fait l\u2019objet d\u2019une audition par un jury disciplinaire, le 5 f\u00e9vrier dernier, selon la FSF.<\/p>\n\n\n\n<p>La f\u00e9d\u00e9ration s\u00e9n\u00e9galaise de football a finalement indiqu\u00e9 ce jeudi dans un communiqu\u00e9 avoir re\u00e7u la notification de la CAF concernant la suspension de Diatta.<\/p>\n\n\n\n<p>Selon le communiqu\u00e9, la FSF et le Kr\u00e9pin Diatta \u201cprennent acte de la sanction et \u00e9tudieront toutes les possibilit\u00e9s de recours en appel en vue de faire reformer la d\u00e9cision ou de r\u00e9duire les sanctions prononc\u00e9es\u201d.<\/p>\n\n\n\n<p>La FSF a toutefois d\u00e9plor\u00e9 le fait que la d\u00e9cision de la CAF soit port\u00e9e \u00e0 la connaissance de la presse avant m\u00eame que l\u2019int\u00e9ress\u00e9 et sa f\u00e9d\u00e9ration n\u2019en aient re\u00e7u la notification.<\/p>\n\n\n\n<p>SK\/BK<\/p>\n","protected":false},"excerpt":{"rendered":"<p>Dakar, (APS) \u2013 La F\u00e9d\u00e9ration s\u00e9n\u00e9galaise de football (FSF) a annonc\u00e9, jeudi, avoir re\u00e7u la notification de la sanction de<\/p>\n","protected":false},"author":1,"featured_media":31422,"comment_status":"open","ping_status":"open","sticky":false,"template":"","format":"standard","meta":{"footnotes":""},"categories":[9],"tags":[],"class_list":["post-31421","post","type-post","status-publish","format-standard","has-post-thumbnail","hentry","category-sports"],"_links":{"self":[{"href":"https:\/\/dekkbi.com\/index.php?rest_route=\/wp\/v2\/posts\/31421","targetHints":{"allow":["GET"]}}],"collection":[{"href":"https:\/\/dekkbi.com\/index.php?rest_route=\/wp\/v2\/posts"}],"about":[{"href":"https:\/\/dekkbi.com\/index.php?rest_route=\/wp\/v2\/types\/post"}],"author":[{"embeddable":true,"href":"https:\/\/dekkbi.com\/index.php?rest_route=\/wp\/v2\/users\/1"}],"replies":[{"embeddable":true,"href":"https:\/\/dekkbi.com\/index.php?rest_route=%2Fwp%2Fv2%2Fcomments&post=31421"}],"version-history":[{"count":3,"href":"https:\/\/dekkbi.com\/index.php?rest_route=\/wp\/v2\/posts\/31421\/revisions"}],"predecessor-version":[{"id":31484,"href":"https:\/\/dekkbi.com\/index.php?rest_route=\/wp\/v2\/posts\/31421\/revisions\/31484"}],"wp:featuredmedia":[{"embeddable":true,"href":"https:\/\/dekkbi.com\/index.php?rest_route=\/wp\/v2\/media\/31422"}],"wp:attachment":[{"href":"https:\/\/dekkbi.com\/index.php?rest_route=%2Fwp%2Fv2%2Fmedia&parent=31421"}],"wp:term":[{"taxonomy":"category","embeddable":true,"href":"https:\/\/dekkbi.com\/index.php?rest_route=%2Fwp%2Fv2%2Fcategories&post=31421"},{"taxonomy":"post_tag","embeddable":true,"href":"https:\/\/dekkbi.com\/index.php?rest_route=%2Fwp%2Fv2%2Ftags&post=31421"}],"curies":[{"name":"wp","href":"https:\/\/api.w.org\/{rel}","templated":true}]}}