{"id":31418,"date":"2024-02-16T10:15:32","date_gmt":"2024-02-16T10:15:32","guid":{"rendered":"https:\/\/dekkbi.com\/?p=31418"},"modified":"2024-02-16T10:15:33","modified_gmt":"2024-02-16T10:15:33","slug":"lordre-des-avocats-appelle-au-respect-de-la-constitution-pour-preserver-letat-de-droit","status":"publish","type":"post","link":"https:\/\/dekkbi.com\/?p=31418","title":{"rendered":"L\u2019Ordre des avocats appelle au respect de la constitution pour pr\u00e9server l\u2019Etat de droit"},"content":{"rendered":"\n<p>Dakar, 15 f\u00e9v (APS) \u2013 L\u2019Ordre des avocats du S\u00e9n\u00e9gal, se pronon\u00e7ant sur la crise n\u00e9e du report de la prochaine pr\u00e9sidentielle, appelle \u00e0 \u201cremettre le citoyen et la R\u00e9publique au centre des pr\u00e9occupations\u201d, en vue de \u201cpr\u00e9server les fondements de l\u2019Etat de droit\u201d par le \u201crespect scrupuleux\u201d de la Constitution et des droits qu\u2019elle consacre au citoyen.<\/p>\n\n\n\n<p>\u201cLe barreau du S\u00e9n\u00e9gal appelle au respect scrupuleux de la loi fondamentale et des droits qu\u2019elle consacre au citoyen\u201d, \u00e9crit l\u2019Ordre des avocats du S\u00e9n\u00e9gal dans un communiqu\u00e9 parvenu jeudi \u00e0 l\u2019APS.<\/p>\n\n\n\n<p>Pour ce faire, ajoute le communiqu\u00e9, \u201cil ne suffira pas d\u2019ouvrir des concertations entre seuls acteurs de la classe politique ni de trouver des solutions ponctuelles \u00e0 des questions structurelles profondes\u201d.<\/p>\n\n\n\n<p>\u201cIl s\u2019agit surtout, pour pr\u00e9server les fondements de l\u2019Etat de droit, de remettre le citoyen et la R\u00e9publique au centre des pr\u00e9occupations afin de trouver autour de l\u2019int\u00e9r\u00eat sup\u00e9rieur de la nation les raisons de taire les divergences partisanes et de rendre compatibles les ambitions proclam\u00e9es pour le peuple s\u00e9n\u00e9galais\u201d, peut-on lire dans ce communiqu\u00e9.<\/p>\n\n\n\n<p>\u201cUne nouvelle fois, le jeu et les enjeux politiques convoquent les organisations et les institutions r\u00e9publicaines de notre pays mais aussi et surtout le peuple profond, silencieux et majoritaire \u00e0 d\u00e9montrer leur capacit\u00e9 \u00e0 d\u00e9montrer leur capacit\u00e9 \u00e0 appr\u00e9hender cette crise et \u00e0 en sortir le peuple s\u00e9n\u00e9galais indemne et uni\u201d, estime l\u2019Ordre des avocats, en allusion \u00e0 la situation politique pr\u00e9valant actuellement au S\u00e9n\u00e9gal.<\/p>\n\n\n\n<p>Le S\u00e9n\u00e9gal fait face \u00e0 une crise politique depuis que Macky Sall a annonc\u00e9, le 3 f\u00e9vrier dernier, avoir annul\u00e9 le d\u00e9cret convoquant les S\u00e9n\u00e9galais aux urnes le 25 f\u00e9vrier prochain pour l\u2019\u00e9lection d\u2019un nouveau pr\u00e9sident de la R\u00e9publique.<\/p>\n\n\n\n<p>En prenant cette d\u00e9cision, il a invoqu\u00e9 des soup\u00e7ons de corruption concernant des magistrats parmi ceux qui ont proc\u00e9d\u00e9 \u00e0 l\u2019examen des 93 dossiers de candidature et jug\u00e9 recevables 20 d\u2019entre eux.<\/p>\n\n\n\n<p>S\u2019adressant \u00e0 la nation, le chef de l\u2019\u00c9tat a appel\u00e9 \u00e0 \u201cun dialogue national ouvert, afin de r\u00e9unir les conditions d\u2019une \u00e9lection libre, transparente et inclusive dans un S\u00e9n\u00e9gal apais\u00e9 et r\u00e9concili\u00e9\u201d.<\/p>\n\n\n\n<p>L\u2019Assembl\u00e9e nationale a vot\u00e9, deux jours plus tard, une proposition parlementaire reportant l\u2019\u00e9lection pr\u00e9sidentielle au 15 d\u00e9cembre prochain.<\/p>\n\n\n\n<p>Lors du vote, des d\u00e9put\u00e9s protestant contre cette proposition et le report du scrutin ont \u00e9t\u00e9 expuls\u00e9s de l\u2019h\u00e9micycle par la Gendarmerie nationale.<\/p>\n\n\n\n<p>Des candidats au scrutin pr\u00e9sidentiel et des d\u00e9put\u00e9s ont saisi le Conseil constitutionnel en vue de l\u2019annulation de la d\u00e9cision du pr\u00e9sident de la R\u00e9publique et l\u2019organisation du vote \u00e0 la date initialement pr\u00e9vue.<\/p>\n\n\n\n<p>\u201cSoucieux de la pr\u00e9servation des valeurs de l\u2019Etat de droit et rigoureusement attach\u00e9 aux principes de l\u00e9galit\u00e9, le Barreau du S\u00e9n\u00e9gal proscrit toute atteinte \u00e0 l\u2019ordre constitutionnel qui viole les principes d\u00e9mocratiques et pourrait installer le pays dans un cercle de violence et d\u2019ins\u00e9curit\u00e9 majeure\u201d, lit-on encore dans ce communiqu\u00e9.<\/p>\n\n\n\n<p>L\u2019Ordre des avocats, rappelant la \u201clongue tradition de l\u00e9galit\u00e9\u201d du S\u00e9n\u00e9gal, dit condamner \u201cvigoureusement toute violence dans l\u2019espace social\u201d et d\u00e9plore les d\u00e9g\u00e2ts mat\u00e9riels ainsi que les pertes en vies humaines, tout en pr\u00e9sentant ses condol\u00e9ances aux familles endeuill\u00e9es.<\/p>\n\n\n\n<p>\u201cLe constat intangible dans la situation que nous vivons actuellement est que le citoyen, le peuple, n\u2019est qu\u2019une variable d\u2019ajustement pour les acteurs politiques qui rusent avec les principes du vivre en commun\u201d, d\u00e9plore la structure disciplinaire et d\u00e9ontologique des avocats.&nbsp;<\/p>\n\n\n\n<p>Or, fait valoir l\u2019Ordre des avocats du S\u00e9n\u00e9gal, les int\u00e9r\u00eats du peuple s\u00e9n\u00e9galais \u201cne peuvent se mesurer \u00e0 l\u2019aune des objectifs et attentes politiques ou des d\u00e9faillances dans l\u2019application de la r\u00e8gle de droit\u201d.<\/p>\n\n\n\n<p>NSS\/BK<\/p>\n","protected":false},"excerpt":{"rendered":"<p>Dakar, 15 f\u00e9v (APS) \u2013 L\u2019Ordre des avocats du S\u00e9n\u00e9gal, se pronon\u00e7ant sur la crise n\u00e9e du report de la<\/p>\n","protected":false},"author":1,"featured_media":31419,"comment_status":"open","ping_status":"open","sticky":false,"template":"","format":"standard","meta":{"footnotes":""},"categories":[21],"tags":[],"class_list":["post-31418","post","type-post","status-publish","format-standard","has-post-thumbnail","hentry","category-societe"],"_links":{"self":[{"href":"https:\/\/dekkbi.com\/index.php?rest_route=\/wp\/v2\/posts\/31418","targetHints":{"allow":["GET"]}}],"collection":[{"href":"https:\/\/dekkbi.com\/index.php?rest_route=\/wp\/v2\/posts"}],"about":[{"href":"https:\/\/dekkbi.com\/index.php?rest_route=\/wp\/v2\/types\/post"}],"author":[{"embeddable":true,"href":"https:\/\/dekkbi.com\/index.php?rest_route=\/wp\/v2\/users\/1"}],"replies":[{"embeddable":true,"href":"https:\/\/dekkbi.com\/index.php?rest_route=%2Fwp%2Fv2%2Fcomments&post=31418"}],"version-history":[{"count":1,"href":"https:\/\/dekkbi.com\/index.php?rest_route=\/wp\/v2\/posts\/31418\/revisions"}],"predecessor-version":[{"id":31420,"href":"https:\/\/dekkbi.com\/index.php?rest_route=\/wp\/v2\/posts\/31418\/revisions\/31420"}],"wp:featuredmedia":[{"embeddable":true,"href":"https:\/\/dekkbi.com\/index.php?rest_route=\/wp\/v2\/media\/31419"}],"wp:attachment":[{"href":"https:\/\/dekkbi.com\/index.php?rest_route=%2Fwp%2Fv2%2Fmedia&parent=31418"}],"wp:term":[{"taxonomy":"category","embeddable":true,"href":"https:\/\/dekkbi.com\/index.php?rest_route=%2Fwp%2Fv2%2Fcategories&post=31418"},{"taxonomy":"post_tag","embeddable":true,"href":"https:\/\/dekkbi.com\/index.php?rest_route=%2Fwp%2Fv2%2Ftags&post=31418"}],"curies":[{"name":"wp","href":"https:\/\/api.w.org\/{rel}","templated":true}]}}