{"id":31408,"date":"2024-02-16T09:35:35","date_gmt":"2024-02-16T09:35:35","guid":{"rendered":"https:\/\/dekkbi.com\/?p=31408"},"modified":"2024-02-16T09:35:35","modified_gmt":"2024-02-16T09:35:35","slug":"la-loi-portant-report-de-lelection-presidentielle-en-decembre-est-contraire-a-la-constitution-selon-le-conseil-constitutionnel","status":"publish","type":"post","link":"https:\/\/dekkbi.com\/?p=31408","title":{"rendered":"La loi portant report de l\u2019\u00e9lection pr\u00e9sidentielle en d\u00e9cembre est contraire \u00e0 la Constitution, selon le Conseil constitutionnel"},"content":{"rendered":"\n<p>Dakar,  (APS) \u2013 Le Conseil constitutionnel a jug\u00e9 contraire \u00e0 la Constitution la loi reportant au 15 d\u00e9cembre prochain l\u2019\u00e9lection pr\u00e9sidentielle s\u00e9n\u00e9galaise.<\/p>\n\n\n\n<p>Il a annul\u00e9 en m\u00eame temps le d\u00e9cret avec lequel Macky Sall a renonc\u00e9 \u00e0 la convocation des \u00e9lecteurs aux urnes pour l\u2019\u00e9lection d\u2019un nouveau pr\u00e9sident de la R\u00e9publique, le &nbsp;25 f\u00e9vrier.<\/p>\n\n\n\n<p>\u201cLa loi portant d\u00e9rogation aux dispositions de l\u2019article 31 de la Constitution, adopt\u00e9e [\u2026] par l\u2019Assembl\u00e9e nationale en sa s\u00e9ance du 5 f\u00e9vrier 2024, est contraire \u00e0 la Constitution\u201d, \u00e9crivent les membres de cette haute juridiction dans une d\u00e9cision rendue ce jeudi.<\/p>\n\n\n\n<p>\u201cLe d\u00e9cret [\u2026] du 3 f\u00e9vrier 2024 portant abrogation du d\u00e9cret convoquant le corps \u00e9lectoral pour l\u2019\u00e9lection pr\u00e9sidentielle du 25 f\u00e9vrier 2024 est annul\u00e9\u201d, ajoutent-ils.<\/p>\n\n\n\n<p>Les membres du Conseil constitutionnel avaient re\u00e7u trois requ\u00eates visant \u00e0 maintenir l\u2019\u00e9lection pr\u00e9sidentielle \u00e0 la date initialement pr\u00e9vue.<\/p>\n\n\n\n<p>L\u2019une des requ\u00eates a \u00e9t\u00e9 d\u00e9pos\u00e9e par 40 d\u00e9put\u00e9s, dont Mouhamed Ayib Salim Daff\u00e9 et Samba Dang.<\/p>\n\n\n\n<p>Une autre requ\u00eate \u00e9manait de 17 autres d\u00e9put\u00e9s, dont Babacar Mbaye.<\/p>\n\n\n\n<p>Une troisi\u00e8me requ\u00eate a \u00e9t\u00e9 d\u00e9pos\u00e9e au Conseil constitutionnel par El Hadji Malick Gakou, Cheikh Tidiane Di\u00e8ye, Habib Sy, Bassirou Diomaye Faye, El Hadji Mamadou Diao, Thierno Alassane Sall et Daouda Ndiaye, tous des candidats \u00e0 l\u2019\u00e9lection pr\u00e9sidentielle.<\/p>\n\n\n\n<p>Les dossiers de candidature de ces sept personnalit\u00e9s ont \u00e9t\u00e9 jug\u00e9s recevables par le Conseil constitutionnel, comme ceux de 13 autres candidats, avant l\u2019annulation, par Macky Sall, du d\u00e9cret avec lequel il a convoqu\u00e9 les \u00e9lecteurs aux urnes le 25 f\u00e9vrier prochain.<\/p>\n\n\n\n<p>Le S\u00e9n\u00e9gal fait face \u00e0 une crise politique depuis que Macky Sall a annonc\u00e9 avoir annul\u00e9 le d\u00e9cret appelant les S\u00e9n\u00e9galais \u00e0 \u00e9lire son successeur.<\/p>\n\n\n\n<p>En prenant cette d\u00e9cision, le 3 f\u00e9vrier, il a invoqu\u00e9 des soup\u00e7ons de corruption concernant des magistrats parmi ceux qui ont proc\u00e9d\u00e9 \u00e0 l\u2019examen des 93 dossiers de candidature et jug\u00e9 recevables 20 d\u2019entre eux.<\/p>\n\n\n\n<p>S\u2019adressant \u00e0 la nation, le chef de l\u2019\u00c9tat a appel\u00e9 \u00e0 \u201cun dialogue national ouvert, afin de r\u00e9unir les conditions d\u2019une \u00e9lection libre, transparente et inclusive dans un S\u00e9n\u00e9gal apais\u00e9\u201d.<\/p>\n\n\n\n<p>L\u2019Assembl\u00e9e nationale a vot\u00e9, deux jours plus tard, une proposition parlementaire reportant le scrutin pr\u00e9sidentiel au 15 d\u00e9cembre prochain.<\/p>\n\n\n\n<p>Lors du vote, des d\u00e9put\u00e9s protestant contre cette proposition et le report du scrutin ont \u00e9t\u00e9 expuls\u00e9s de l\u2019h\u00e9micycle par la Gendarmerie nationale.<\/p>\n\n\n\n<p>Au moins trois personnes ont perdu la vie \u00e0 Dakar et Ziguinchor en marge de heurts entre les forces de l\u2019ordre et des manifestants oppos\u00e9s au report de l\u2019\u00e9lection pr\u00e9sidentielle.<\/p>\n\n\n\n<p>Jeudi, un grand nombre d\u2019activistes et de militants en d\u00e9tention depuis des mois pour plusieurs chefs d\u2019accusation ont b\u00e9n\u00e9fici\u00e9 d\u2019une libert\u00e9 provisoire.<\/p>\n\n\n\n<p>ESF\/BK\/AKS<\/p>\n","protected":false},"excerpt":{"rendered":"<p>Dakar, (APS) \u2013 Le Conseil constitutionnel a jug\u00e9 contraire \u00e0 la Constitution la loi reportant au 15 d\u00e9cembre prochain l\u2019\u00e9lection<\/p>\n","protected":false},"author":1,"featured_media":30817,"comment_status":"open","ping_status":"open","sticky":false,"template":"","format":"standard","meta":{"footnotes":""},"categories":[6],"tags":[],"class_list":["post-31408","post","type-post","status-publish","format-standard","has-post-thumbnail","hentry","category-politics"],"_links":{"self":[{"href":"https:\/\/dekkbi.com\/index.php?rest_route=\/wp\/v2\/posts\/31408","targetHints":{"allow":["GET"]}}],"collection":[{"href":"https:\/\/dekkbi.com\/index.php?rest_route=\/wp\/v2\/posts"}],"about":[{"href":"https:\/\/dekkbi.com\/index.php?rest_route=\/wp\/v2\/types\/post"}],"author":[{"embeddable":true,"href":"https:\/\/dekkbi.com\/index.php?rest_route=\/wp\/v2\/users\/1"}],"replies":[{"embeddable":true,"href":"https:\/\/dekkbi.com\/index.php?rest_route=%2Fwp%2Fv2%2Fcomments&post=31408"}],"version-history":[{"count":1,"href":"https:\/\/dekkbi.com\/index.php?rest_route=\/wp\/v2\/posts\/31408\/revisions"}],"predecessor-version":[{"id":31409,"href":"https:\/\/dekkbi.com\/index.php?rest_route=\/wp\/v2\/posts\/31408\/revisions\/31409"}],"wp:featuredmedia":[{"embeddable":true,"href":"https:\/\/dekkbi.com\/index.php?rest_route=\/wp\/v2\/media\/30817"}],"wp:attachment":[{"href":"https:\/\/dekkbi.com\/index.php?rest_route=%2Fwp%2Fv2%2Fmedia&parent=31408"}],"wp:term":[{"taxonomy":"category","embeddable":true,"href":"https:\/\/dekkbi.com\/index.php?rest_route=%2Fwp%2Fv2%2Fcategories&post=31408"},{"taxonomy":"post_tag","embeddable":true,"href":"https:\/\/dekkbi.com\/index.php?rest_route=%2Fwp%2Fv2%2Ftags&post=31408"}],"curies":[{"name":"wp","href":"https:\/\/api.w.org\/{rel}","templated":true}]}}