{"id":31402,"date":"2024-02-15T12:53:14","date_gmt":"2024-02-15T12:53:14","guid":{"rendered":"https:\/\/dekkbi.com\/?p=31402"},"modified":"2024-02-15T12:53:15","modified_gmt":"2024-02-15T12:53:15","slug":"israel-vive-hostilite-de-lextreme-droite-au-projet-de-plan-de-paix-qui-prevoirait-un-etat-palestinien","status":"publish","type":"post","link":"https:\/\/dekkbi.com\/?p=31402","title":{"rendered":"Isra\u00ebl: vive hostilit\u00e9 de l&rsquo;extr\u00eame droite au projet de plan de paix qui pr\u00e9voirait un \u00c9tat palestinien"},"content":{"rendered":"\n<p>Alors que l\u2019\u00c9gypte, le Qatar et les \u00c9tats-Unis tentent toujours de parvenir \u00e0 une tr\u00eave entre Isra\u00ebl et le Hamas, Washington et ses alli\u00e9s arabes travailleraient actuellement \u00e0 un plan de paix plus large. Selon le journal am\u00e9ricain\u00a0<em>Washington Post<\/em>, un projet visant \u00e0 l\u2019\u00e9tablissement d\u2019un \u00c9tat palestinien serait en cours de discussion.<\/p>\n\n\n\n<p>Par :Guilhem Delteil<em>, envoy\u00e9 sp\u00e9cial RFI \u00e0 J\u00e9rusalem<\/em>,\u00a0<\/p>\n\n\n\n<p>Ce projet n\u2019a pas \u00e9t\u00e9 officiellement annonc\u00e9, mais il suscite d\u00e9j\u00e0 de vives r\u00e9actions. Les n\u00e9gociateurs tentent de g\u00e9rer l\u2019urgence tout en posant les bases du long terme. Leur priorit\u00e9 reste d\u2019obtenir une tr\u00eave et s\u2019ils y parviennent, ils pourraient alors pr\u00e9senter un plan en vue de l\u2019\u00e9tablissement d\u2019un \u00c9tat palestinien.<\/p>\n\n\n\n<p>Selon le\u00a0<em>Washington Post<\/em>, ce plan inclurait la mise en place d\u2019un gouvernement int\u00e9rimaire dans les territoires palestiniens, le d\u00e9mant\u00e8lement d\u2019un certain nombre de colonies isra\u00e9liennes ou encore la reconnaissance de J\u00e9rusalem-Est comme capitale de cet \u00c9tat palestinien.<\/p>\n\n\n\n<h2 class=\"wp-block-heading\">Un projet \u00abdangereux\u00bb et \u00abinenvisageable\u00bb estime des membres du gouvernement isra\u00e9lien<\/h2>\n\n\n\n<p>Des mesures inenvisageables pour plusieurs membres du gouvernement isra\u00e9lien. Les ministres d\u2019extr\u00eame-droite,\u00a0<strong>Bezalel Smotrich<\/strong>\u00a0et\u00a0<strong>Itamar Ben Gvir,<\/strong>\u00a0l\u2019ont d\u2019ores et d\u00e9j\u00e0 rejet\u00e9. Ce plan \u00ab\u00a0<em>dit en r\u00e9alit\u00e9 que les Palestiniens m\u00e9ritent une r\u00e9compense pour le terrible massacre qu\u2019ils ont commis\u00a0<\/em>\u00bb, a r\u00e9agi Bezalel Smotrich sur X. \u00ab<em>\u00a0Cr\u00e9er un \u00c9tat palestinien revient \u00e0 cr\u00e9er un \u00c9tat du Hamas<\/em>\u00a0\u00bb a pour sa part comment\u00e9 Itamar Ben Gvir sur le m\u00eame r\u00e9seau social.<\/p>\n\n\n\n<p>Un autre d\u00e9put\u00e9, membre du parti plus centriste de Benny Gantz qui a rejoint le cabinet de guerre apr\u00e8s le 7 octobre, a, lui aussi, \u00e9voqu\u00e9 \u00ab&nbsp;<em>un projet dangereux&nbsp;qui se dessine&nbsp;<\/em>\u00bb. \u00ab&nbsp;<em>Non seulement ce plan ne r\u00e9soudra pas le conflit, mais il le rendra insoluble<\/em>&nbsp;\u00bb a jug\u00e9 Gideon Sa\u2019ar.<\/p>\n\n\n\n<p>De son c\u00f4t\u00e9, le Premier ministre n\u2019a pas officiellement r\u00e9agi \u00e0 ces informations de presse. Mais\u00a0<strong>Benyamin Netanayahu<\/strong>\u00a0s\u2019est d\u00e9j\u00e0, \u00e0 de nombreuses reprises, oppos\u00e9 \u00e0 la cr\u00e9ation d\u2019un \u00c9tat palestinien. Dimanche dernier, il d\u00e9clarait encore qu\u2019Isra\u00ebl devait garder le contr\u00f4le s\u00e9curitaire de l\u2019ensemble du territoire.<\/p>\n","protected":false},"excerpt":{"rendered":"<p>Alors que l\u2019\u00c9gypte, le Qatar et les \u00c9tats-Unis tentent toujours de parvenir \u00e0 une tr\u00eave entre Isra\u00ebl et le Hamas,<\/p>\n","protected":false},"author":1,"featured_media":31403,"comment_status":"open","ping_status":"open","sticky":false,"template":"","format":"standard","meta":{"footnotes":""},"categories":[51],"tags":[],"class_list":["post-31402","post","type-post","status-publish","format-standard","has-post-thumbnail","hentry","category-general"],"_links":{"self":[{"href":"https:\/\/dekkbi.com\/index.php?rest_route=\/wp\/v2\/posts\/31402","targetHints":{"allow":["GET"]}}],"collection":[{"href":"https:\/\/dekkbi.com\/index.php?rest_route=\/wp\/v2\/posts"}],"about":[{"href":"https:\/\/dekkbi.com\/index.php?rest_route=\/wp\/v2\/types\/post"}],"author":[{"embeddable":true,"href":"https:\/\/dekkbi.com\/index.php?rest_route=\/wp\/v2\/users\/1"}],"replies":[{"embeddable":true,"href":"https:\/\/dekkbi.com\/index.php?rest_route=%2Fwp%2Fv2%2Fcomments&post=31402"}],"version-history":[{"count":1,"href":"https:\/\/dekkbi.com\/index.php?rest_route=\/wp\/v2\/posts\/31402\/revisions"}],"predecessor-version":[{"id":31404,"href":"https:\/\/dekkbi.com\/index.php?rest_route=\/wp\/v2\/posts\/31402\/revisions\/31404"}],"wp:featuredmedia":[{"embeddable":true,"href":"https:\/\/dekkbi.com\/index.php?rest_route=\/wp\/v2\/media\/31403"}],"wp:attachment":[{"href":"https:\/\/dekkbi.com\/index.php?rest_route=%2Fwp%2Fv2%2Fmedia&parent=31402"}],"wp:term":[{"taxonomy":"category","embeddable":true,"href":"https:\/\/dekkbi.com\/index.php?rest_route=%2Fwp%2Fv2%2Fcategories&post=31402"},{"taxonomy":"post_tag","embeddable":true,"href":"https:\/\/dekkbi.com\/index.php?rest_route=%2Fwp%2Fv2%2Ftags&post=31402"}],"curies":[{"name":"wp","href":"https:\/\/api.w.org\/{rel}","templated":true}]}}