{"id":31376,"date":"2024-02-15T12:02:31","date_gmt":"2024-02-15T12:02:31","guid":{"rendered":"https:\/\/dekkbi.com\/?p=31376"},"modified":"2024-02-15T12:03:03","modified_gmt":"2024-02-15T12:03:03","slug":"cote-divoire-les-prochains-defis-de-emerse-fae","status":"publish","type":"post","link":"https:\/\/dekkbi.com\/?p=31376","title":{"rendered":"Les prochains d\u00e9fis de Fa\u00e9"},"content":{"rendered":"\n<p>IGFM (Dakar) Le s\u00e9lectionneur int\u00e9rimaire de la C\u00f4te d\u2019Ivoire, Emerse Fa\u00e9, s\u2019est projet\u00e9 sur le futur des \u00c9l\u00e9phants apr\u00e8s le sacre \u00e0 la Coupe d\u2019Afrique des Nations 2023 (CAN).<\/p>\n\n\n\n<p>Ayant h\u00e9rit\u00e9 d\u2019un vestiaire l\u00e2ch\u00e9 en plein tournoi par Jean-Louis Gasset dont il \u00e9tait l\u2019adjoint depuis deux ans, l\u2019ancien milieu des \u00c9l\u00e9phants Emerse Fa\u00e9 (42 capes, 1 but) a conduit l\u2019\u00e9quipe nationale sur le toit de l\u2019Afrique dimanche. Le technicien de 40 ans a remobilis\u00e9 ses troupes gifl\u00e9es 4-0 par la Guin\u00e9e \u00e9quatoriale et miraculeusement qualifi\u00e9es pour la phase \u00e0 \u00e9limination directe suite au match nul du Ghana combin\u00e9 \u00e0 la victoire du Maroc lors de la derni\u00e8re journ\u00e9e de groupes.<br><br>Et pourtant, le natif de Nantes ne b\u00e9n\u00e9ficiait pas forc\u00e9ment de la confiance de la F\u00e9d\u00e9ration ivoirienne de football (FIF). Cette derni\u00e8re avait pour rappel tent\u00e9, dans un \u00e9lan de d\u00e9sespoir, de se faire pr\u00eater, en vain, l\u2019actuel s\u00e9lectionneur de l\u2019\u00e9quipe de France f\u00e9minine, Herv\u00e9 Renard. Un entraineur qu\u2019elle connait tr\u00e8s bien pour l\u2019avoir vu remporter la deuxi\u00e8me CAN de la C\u00f4te d\u2019Ivoire en 2015.<br><br><strong>\u00ab&nbsp;D\u00e8s mars le travail reprend. Objectif : CAN 2025 et Coupe du monde 2026\u201d<br><br><\/strong>D\u00e8s lors, c\u2019est toute la nation orange qui porte en triomphe l\u2019enfant du pays. Re\u00e7u avec son staff et ses joueurs, mardi, par le pr\u00e9sident de la R\u00e9publique, Alassane Ouattara, Fa\u00e9 a obtenu \u00e0 juste titre une belle enveloppe de 100 millions de FCFA (153 437 euros), soit le double de la prime de ses ouailles. Mais ce ne serait pas tout.<br><br>En effet, le principal int\u00e9ress\u00e9 a signifi\u00e9 en filigrane ce mercredi la confiance renouvel\u00e9e de ses patrons sur le banc des \u00c9l\u00e9phants, avec en ligne de mire la prochaine CAN 2025 au Maroc et la Coupe du monde 2026. \u201cMerci au pr\u00e9sident de la R\u00e9publique pour cet honneur d\u2019\u00eatre d\u00e9cor\u00e9. Merci au peuple ivoirien pour tout le soutien. Merci au pr\u00e9sident de la FIF Idriss Diallo pour votre confiance. D\u00e8s mars le travail reprend. Objectif : CAN 2025 et Coupe du monde 2026\u201d, a-t-il post\u00e9 sur son compte Instagram officiel. Une juste r\u00e9compense pour le faiseur de miracle si cela se confirme.<br><br>En attendant, il fait un clin d\u2019\u0153il aux deux prochaines comp\u00e9titions majeures auxquelles son pays compte prendre part.&nbsp;<\/p>\n","protected":false},"excerpt":{"rendered":"<p>IGFM (Dakar) Le s\u00e9lectionneur int\u00e9rimaire de la C\u00f4te d\u2019Ivoire, Emerse Fa\u00e9, s\u2019est projet\u00e9 sur le futur des \u00c9l\u00e9phants apr\u00e8s le<\/p>\n","protected":false},"author":1,"featured_media":31191,"comment_status":"open","ping_status":"open","sticky":false,"template":"","format":"standard","meta":{"footnotes":""},"categories":[9],"tags":[],"class_list":["post-31376","post","type-post","status-publish","format-standard","has-post-thumbnail","hentry","category-sports"],"_links":{"self":[{"href":"https:\/\/dekkbi.com\/index.php?rest_route=\/wp\/v2\/posts\/31376","targetHints":{"allow":["GET"]}}],"collection":[{"href":"https:\/\/dekkbi.com\/index.php?rest_route=\/wp\/v2\/posts"}],"about":[{"href":"https:\/\/dekkbi.com\/index.php?rest_route=\/wp\/v2\/types\/post"}],"author":[{"embeddable":true,"href":"https:\/\/dekkbi.com\/index.php?rest_route=\/wp\/v2\/users\/1"}],"replies":[{"embeddable":true,"href":"https:\/\/dekkbi.com\/index.php?rest_route=%2Fwp%2Fv2%2Fcomments&post=31376"}],"version-history":[{"count":3,"href":"https:\/\/dekkbi.com\/index.php?rest_route=\/wp\/v2\/posts\/31376\/revisions"}],"predecessor-version":[{"id":31380,"href":"https:\/\/dekkbi.com\/index.php?rest_route=\/wp\/v2\/posts\/31376\/revisions\/31380"}],"wp:featuredmedia":[{"embeddable":true,"href":"https:\/\/dekkbi.com\/index.php?rest_route=\/wp\/v2\/media\/31191"}],"wp:attachment":[{"href":"https:\/\/dekkbi.com\/index.php?rest_route=%2Fwp%2Fv2%2Fmedia&parent=31376"}],"wp:term":[{"taxonomy":"category","embeddable":true,"href":"https:\/\/dekkbi.com\/index.php?rest_route=%2Fwp%2Fv2%2Fcategories&post=31376"},{"taxonomy":"post_tag","embeddable":true,"href":"https:\/\/dekkbi.com\/index.php?rest_route=%2Fwp%2Fv2%2Ftags&post=31376"}],"curies":[{"name":"wp","href":"https:\/\/api.w.org\/{rel}","templated":true}]}}