{"id":3137,"date":"2022-11-11T11:13:56","date_gmt":"2022-11-11T11:13:56","guid":{"rendered":"https:\/\/dekkbi.com\/?p=3137"},"modified":"2022-11-11T11:13:58","modified_gmt":"2022-11-11T11:13:58","slug":"soumbedioune-luncdf-et-la-municipalite-lancent-la-renovation-du-marche-au-poisson","status":"publish","type":"post","link":"https:\/\/dekkbi.com\/?p=3137","title":{"rendered":"Soumb\u00e9dioune : L\u2019Uncdf et la municipalit\u00e9 lancent la r\u00e9novation du march\u00e9 au poisson"},"content":{"rendered":"\n<p><a href=\"javascript:updateFontSize(1)\"><\/a>Le Fonds d\u2019\u00c9quipement des Nations Unies (FENU\/UNCDF) et la Commune de Gueule Tap\u00e9e-Fass-Colobane ont proc\u00e9d\u00e9 au lancement \u00a0de la r\u00e9habilitation du march\u00e9 aux poissons de Soumb\u00e9dioune ce lundi.<\/p>\n\n\n\n<p>L\u2019initiative est lanc\u00e9e dans le cadre du projet IncluCity, dont objectif est de d\u00e9montrer comment des investissements accrus dans les services et les infrastructures municipales peuvent r\u00e9duire les in\u00e9galit\u00e9s. Mais aussi, comment elles peuvent att\u00e9nuer la pauvret\u00e9 parmi les populations les plus vuln\u00e9rables, notamment les femmes et les filles, les minorit\u00e9s et les autres groupes marginalis\u00e9s.<br><br>\u00abNous voulons accompagner la mairie qui veut faire de cet investissement, un investissement intelligent, qui permet \u00e0 la fois d\u2019am\u00e9liorer les conditions de travail des femmes, de renforcer les revenus qui vont \u00eatre g\u00e9n\u00e9r\u00e9s par le &nbsp;march\u00e9 et de promouvoir l\u2019inclusion des femmes dans l\u2019\u00e9conomie locale et l\u2019\u00e9conomie urbaine\u00bb, a indiqu\u00e9 Mme Christel Alvergne, cheffe du Bureau r\u00e9gional adjointe de l&rsquo;UNCDF.<br><br>Durant la c\u00e9r\u00e9monie de pose de premi\u00e8re pierre, elle soulignera que plusieurs autres outils ont \u00e9t\u00e9 mis en place. Ils permettent de classer les villes en fonction de leurs investissements. \u00abEt je suis &nbsp;s\u00fbre que la Ville de Gueule Tap\u00e9e Fass Colobane va exceller &nbsp;dans cet indice et qu\u2019elle pourra \u00eatre un exemple pour d\u2019autres villes\u00bb, exhorte-t-elle.<\/p>\n\n\n\n<p><\/p>\n","protected":false},"excerpt":{"rendered":"<p>Le Fonds d\u2019\u00c9quipement des Nations Unies (FENU\/UNCDF) et la Commune de Gueule Tap\u00e9e-Fass-Colobane ont proc\u00e9d\u00e9 au lancement \u00a0de la r\u00e9habilitation<\/p>\n","protected":false},"author":1,"featured_media":3138,"comment_status":"open","ping_status":"open","sticky":false,"template":"","format":"standard","meta":{"footnotes":""},"categories":[21],"tags":[],"class_list":["post-3137","post","type-post","status-publish","format-standard","has-post-thumbnail","hentry","category-societe"],"_links":{"self":[{"href":"https:\/\/dekkbi.com\/index.php?rest_route=\/wp\/v2\/posts\/3137","targetHints":{"allow":["GET"]}}],"collection":[{"href":"https:\/\/dekkbi.com\/index.php?rest_route=\/wp\/v2\/posts"}],"about":[{"href":"https:\/\/dekkbi.com\/index.php?rest_route=\/wp\/v2\/types\/post"}],"author":[{"embeddable":true,"href":"https:\/\/dekkbi.com\/index.php?rest_route=\/wp\/v2\/users\/1"}],"replies":[{"embeddable":true,"href":"https:\/\/dekkbi.com\/index.php?rest_route=%2Fwp%2Fv2%2Fcomments&post=3137"}],"version-history":[{"count":1,"href":"https:\/\/dekkbi.com\/index.php?rest_route=\/wp\/v2\/posts\/3137\/revisions"}],"predecessor-version":[{"id":3139,"href":"https:\/\/dekkbi.com\/index.php?rest_route=\/wp\/v2\/posts\/3137\/revisions\/3139"}],"wp:featuredmedia":[{"embeddable":true,"href":"https:\/\/dekkbi.com\/index.php?rest_route=\/wp\/v2\/media\/3138"}],"wp:attachment":[{"href":"https:\/\/dekkbi.com\/index.php?rest_route=%2Fwp%2Fv2%2Fmedia&parent=3137"}],"wp:term":[{"taxonomy":"category","embeddable":true,"href":"https:\/\/dekkbi.com\/index.php?rest_route=%2Fwp%2Fv2%2Fcategories&post=3137"},{"taxonomy":"post_tag","embeddable":true,"href":"https:\/\/dekkbi.com\/index.php?rest_route=%2Fwp%2Fv2%2Ftags&post=3137"}],"curies":[{"name":"wp","href":"https:\/\/api.w.org\/{rel}","templated":true}]}}