{"id":31363,"date":"2024-02-15T11:34:51","date_gmt":"2024-02-15T11:34:51","guid":{"rendered":"https:\/\/dekkbi.com\/?p=31363"},"modified":"2024-02-15T12:21:28","modified_gmt":"2024-02-15T12:21:28","slug":"choix-equipe-type-de-la-can-2023-la-caf-devoile-son-11-sans-osimhen","status":"publish","type":"post","link":"https:\/\/dekkbi.com\/?p=31363","title":{"rendered":"Choix \u2013 Equipe-type de la Coupe d&rsquo;Afrique des Nation &#8211; CAN 2023: La Caf d\u00e9voile son 11 \u2026 sans Victor Osimhen, !"},"content":{"rendered":"\n<p><strong>Trois jours apr\u00e8s le sacre de la C\u00f4te d\u2019Ivoire en finale de la Can 2023 dimanche face au Nigeria (2-1), la Caf a publi\u00e9, ce mercredi, son \u00e9quipe-type de cette 34e \u00e9dition. Fait marquant de ce 11, l\u2019absence de Victor Osimhen, Ballon d\u2019Or 2023.<\/strong><\/p>\n\n\n\n<p>Sacr\u00e9e apr\u00e8s un parcours tumultueux, la C\u00f4te d\u2019Ivoire ne se taille pas forc\u00e9ment la part du lion puisque les El\u00e9phants doivent se \u00abcontenter\u00bb de trois repr\u00e9sentants, soit autant que le Nigeria, finaliste malheureux. \u00abL\u2019\u00e9quipe a \u00e9t\u00e9 m\u00e9ticuleusement s\u00e9lectionn\u00e9e, en tenant compte de la domination des \u00e9quipes qui ont atteint les derniers stades du tournoi\u00bb, a pr\u00e9cis\u00e9 le Groupe d\u2019\u00e9tude technique de la Caf, qui a concoct\u00e9 ce onze.<\/p>\n\n\n\n<p>Ghislan Konan, lat\u00e9ral gauche solide tout au long du tournoi, le milieu de terrain Jean Michael Seri, sorti du placard avec succ\u00e8s par Emerse Fa\u00e9 \u00e0 partir des 8es de finale, et Franck Kessi\u00e9, auteur du but \u00e9galisateur en 8e contre le S\u00e9n\u00e9gal et face au Nigeria en finale, sont les 3 champions d\u2019Afrique retenus. M\u00eame s\u2019ils ont brill\u00e9 sur la fin, S\u00e9bastien Haller, buteur d\u00e9cisif en demi-finale et en finale, et Simon Adingra, homme du match en finale, n\u2019ont pas \u00e9t\u00e9 retenus par la Caf, qui consid\u00e8re sans doute qu\u2019ils ont commenc\u00e9 \u00e0 se distinguer trop tardivement.<\/p>\n\n\n\n<p>C\u00f4t\u00e9 nig\u00e9rian, on retrouve \u00e9videmment le d\u00e9fenseur central et capitaine, William Troost-Ekong, \u00e9lu meilleur joueur du tournoi par la Caf, ainsi que le lat\u00e9ral droit polyvalent, Ola Aina, et l\u2019ailier Ademola Lookman, co-meilleur buteur des Super Eagles sur le tournoi avec 3 buts \u00e0 son actif (\u00e0 \u00e9galit\u00e9 avec Troost-Ekong). Malgr\u00e9 son apport cons\u00e9quent dans le jeu et ses deux penalties provoqu\u00e9s, la star Victor Osimhen est zapp\u00e9e et paie probablement ses faibles statistiques (1 but et une passe d\u00e9cisive).<\/p>\n\n\n\n<p>Les demi-finalistes, l\u2019Afrique du Sud et la Rd Congo, placent chacune deux \u00e9l\u00e9ments dans le onze : Ronwen Williams, d\u00e9sign\u00e9 meilleur gardien du tournoi, et la r\u00e9v\u00e9lation de l\u2019entrejeu, Teboho Mokoena, pour les Bafana Bafana\u00a0; le capitaine et roc d\u00e9fensif, Chancel Mbemba, et l\u2019ailier Yoane Wissa pour les L\u00e9opards. Enfin, l\u2019Equato-Guin\u00e9en Emilio Nsue, meilleur buteur du tournoi (5 buts) et fra\u00eechement suspendu par sa F\u00e9d\u00e9ration, est s\u00e9lectionn\u00e9 en pointe malgr\u00e9 la sortie de sa s\u00e9lection d\u00e8s les 8es.<\/p>\n\n\n\n<p><br><strong>Afrik-foot<\/strong><\/p>\n","protected":false},"excerpt":{"rendered":"<p>Trois jours apr\u00e8s le sacre de la C\u00f4te d\u2019Ivoire en finale de la Can 2023 dimanche face au Nigeria (2-1),<\/p>\n","protected":false},"author":1,"featured_media":31364,"comment_status":"open","ping_status":"open","sticky":false,"template":"","format":"standard","meta":{"footnotes":""},"categories":[9],"tags":[],"class_list":["post-31363","post","type-post","status-publish","format-standard","has-post-thumbnail","hentry","category-sports"],"_links":{"self":[{"href":"https:\/\/dekkbi.com\/index.php?rest_route=\/wp\/v2\/posts\/31363","targetHints":{"allow":["GET"]}}],"collection":[{"href":"https:\/\/dekkbi.com\/index.php?rest_route=\/wp\/v2\/posts"}],"about":[{"href":"https:\/\/dekkbi.com\/index.php?rest_route=\/wp\/v2\/types\/post"}],"author":[{"embeddable":true,"href":"https:\/\/dekkbi.com\/index.php?rest_route=\/wp\/v2\/users\/1"}],"replies":[{"embeddable":true,"href":"https:\/\/dekkbi.com\/index.php?rest_route=%2Fwp%2Fv2%2Fcomments&post=31363"}],"version-history":[{"count":5,"href":"https:\/\/dekkbi.com\/index.php?rest_route=\/wp\/v2\/posts\/31363\/revisions"}],"predecessor-version":[{"id":31383,"href":"https:\/\/dekkbi.com\/index.php?rest_route=\/wp\/v2\/posts\/31363\/revisions\/31383"}],"wp:featuredmedia":[{"embeddable":true,"href":"https:\/\/dekkbi.com\/index.php?rest_route=\/wp\/v2\/media\/31364"}],"wp:attachment":[{"href":"https:\/\/dekkbi.com\/index.php?rest_route=%2Fwp%2Fv2%2Fmedia&parent=31363"}],"wp:term":[{"taxonomy":"category","embeddable":true,"href":"https:\/\/dekkbi.com\/index.php?rest_route=%2Fwp%2Fv2%2Fcategories&post=31363"},{"taxonomy":"post_tag","embeddable":true,"href":"https:\/\/dekkbi.com\/index.php?rest_route=%2Fwp%2Fv2%2Ftags&post=31363"}],"curies":[{"name":"wp","href":"https:\/\/api.w.org\/{rel}","templated":true}]}}