{"id":31352,"date":"2024-02-15T11:20:30","date_gmt":"2024-02-15T11:20:30","guid":{"rendered":"https:\/\/dekkbi.com\/?p=31352"},"modified":"2024-02-15T11:20:30","modified_gmt":"2024-02-15T11:20:30","slug":"paralysie-des-ecoles-les-mises-en-garde-du-ministre-de-leducation","status":"publish","type":"post","link":"https:\/\/dekkbi.com\/?p=31352","title":{"rendered":"Paralysie des \u00e9coles : Les mises en garde du ministre de l\u2019\u00c9ducation"},"content":{"rendered":"\n<p><strong>La gr\u00e8ve observ\u00e9e par les enseignants pour protester contre le report de la Pr\u00e9sidentielle est jug\u00e9e ill\u00e9gale par le minist\u00e8re de l\u2019Education nationale. La tutelle informe, dans un communiqu\u00e9, que \u00abceux qui cessent le travail, en violation des dispositions r\u00e9glementaires, peuvent imm\u00e9diatement subir toutes sanctions disciplinaires\u00bb.<\/strong><\/p>\n\n\n\n<p><strong>Par Dieynaba KANE \u2013&nbsp;<\/strong>Le minist\u00e8re de l\u2019Education nationale met en garde les enseignants qui vont en gr\u00e8ve pour exiger le respect du calendrier \u00e9lectoral. Dans un communiqu\u00e9, le d\u00e9partement dirig\u00e9 par Cheikh Oumar Anne constate que \u00abdes syndicats d\u2019enseignants, se r\u00e9clamant d\u2019un mouvement d\u00e9nomm\u00e9 Cadre de concertation des syndicats de l\u2019enseignement, appellent \u00e0 des d\u00e9brayages pour des raisons non scolaires\u00bb. Trouvant que cette attitude n\u2019est pas conforme au Droit, le minist\u00e8re pr\u00e9cise dans son document que le droit de gr\u00e8ve est reconnu aux travailleurs par la Constitution, mais \u00abil s\u2019exerce dans le cadre des lois qui le r\u00e9gissent\u00bb. Selon les auteurs du communiqu\u00e9, \u00abceux qui cessent le travail, en violation des dispositions r\u00e9glementaires, peuvent imm\u00e9diatement subir toutes sanctions disciplinaires\u00bb. Poursuivant leurs propos, ils soutiennent qu\u2019il \u00aben est de m\u00eame si la cessation du travail est fond\u00e9e sur des motifs politiques et non pas sur des motifs professionnels\u00bb. Il est soulign\u00e9 dans le document que \u00able gouvernement prendra, en toute responsabilit\u00e9 et en toute rigueur, les dispositions idoines pour le respect de la r\u00e8glementation et la continuit\u00e9 des enseignements-apprentissages\u00bb.<\/p>\n\n\n\n<p>Le minist\u00e8re de l\u2019Education nationale, qui est conscient que \u00abces perturbations f\u00e2cheuses affectent le d\u00e9roulement du calendrier scolaire, mettant ainsi en p\u00e9ril le droit \u00e0 l\u2019\u00e9ducation des \u00e9l\u00e8ves\u00bb, r\u00e9affirme \u00absa volont\u00e9 et son engagement \u00e0 fournir une \u00e9ducation de qualit\u00e9 \u00e0 tous les \u00e9l\u00e8ves et \u00e0 assurer leur bien-\u00eatre et leur s\u00e9curit\u00e9 dans les \u00e9coles et les \u00e9tablissements scolaires\u00bb.<\/p>\n\n\n\n<p>Par ailleurs, le d\u00e9partement \u00absalue le sens des responsabilit\u00e9s et la posture r\u00e9publicaine de la majorit\u00e9 des enseignants qui continuent \u00e0 \u0153uvrer pour l\u2019\u00e9mergence d\u2019un syst\u00e8me \u00e9ducatif performant et r\u00e9silient\u00bb.<\/p>\n\n\n\n<p>Il faut rappeler que pour protester contre le report de la Pr\u00e9sidentielle, le Syndicat autonome des enseignants du moyen-secondaire du S\u00e9n\u00e9gal (Saemss) et le Cadre unitaire des syndicats du moyen-secondaire (Cusems) ont observ\u00e9, mardi et mercredi, des d\u00e9brayages. Les syndicalistes exigent le retrait de la proposition de loi portant report de l\u2019\u00e9lection pr\u00e9sidentielle. Les deux syndicats, qui font partie du collectif \u00abAar sunu \u00e9lection\u00bb, consid\u00e8rent que cet acte est \u00abill\u00e9gal et anticonstitutionnel\u00bb, et \u00abrisque de faire basculer le S\u00e9n\u00e9gal dans une crise sociopolitique sans pr\u00e9c\u00e9dent aux cons\u00e9quences pernicieuses pour notre pays\u00bb. Pour eux, il \u00abrequiert de la part de toutes les forces vives de la Nation, un engagement et une d\u00e9termination sans faille pour porter le combat pour le respect des principes de l\u2019Etat de Droit\u00bb.<\/p>\n\n\n\n<p><br><strong>dkane@lequotidien.sn<\/strong><\/p>\n","protected":false},"excerpt":{"rendered":"<p>La gr\u00e8ve observ\u00e9e par les enseignants pour protester contre le report de la Pr\u00e9sidentielle est jug\u00e9e ill\u00e9gale par le minist\u00e8re<\/p>\n","protected":false},"author":1,"featured_media":22965,"comment_status":"open","ping_status":"open","sticky":false,"template":"","format":"standard","meta":{"footnotes":""},"categories":[21],"tags":[],"class_list":["post-31352","post","type-post","status-publish","format-standard","has-post-thumbnail","hentry","category-societe"],"_links":{"self":[{"href":"https:\/\/dekkbi.com\/index.php?rest_route=\/wp\/v2\/posts\/31352","targetHints":{"allow":["GET"]}}],"collection":[{"href":"https:\/\/dekkbi.com\/index.php?rest_route=\/wp\/v2\/posts"}],"about":[{"href":"https:\/\/dekkbi.com\/index.php?rest_route=\/wp\/v2\/types\/post"}],"author":[{"embeddable":true,"href":"https:\/\/dekkbi.com\/index.php?rest_route=\/wp\/v2\/users\/1"}],"replies":[{"embeddable":true,"href":"https:\/\/dekkbi.com\/index.php?rest_route=%2Fwp%2Fv2%2Fcomments&post=31352"}],"version-history":[{"count":1,"href":"https:\/\/dekkbi.com\/index.php?rest_route=\/wp\/v2\/posts\/31352\/revisions"}],"predecessor-version":[{"id":31353,"href":"https:\/\/dekkbi.com\/index.php?rest_route=\/wp\/v2\/posts\/31352\/revisions\/31353"}],"wp:featuredmedia":[{"embeddable":true,"href":"https:\/\/dekkbi.com\/index.php?rest_route=\/wp\/v2\/media\/22965"}],"wp:attachment":[{"href":"https:\/\/dekkbi.com\/index.php?rest_route=%2Fwp%2Fv2%2Fmedia&parent=31352"}],"wp:term":[{"taxonomy":"category","embeddable":true,"href":"https:\/\/dekkbi.com\/index.php?rest_route=%2Fwp%2Fv2%2Fcategories&post=31352"},{"taxonomy":"post_tag","embeddable":true,"href":"https:\/\/dekkbi.com\/index.php?rest_route=%2Fwp%2Fv2%2Ftags&post=31352"}],"curies":[{"name":"wp","href":"https:\/\/api.w.org\/{rel}","templated":true}]}}