{"id":3134,"date":"2022-11-11T11:10:27","date_gmt":"2022-11-11T11:10:27","guid":{"rendered":"https:\/\/dekkbi.com\/?p=3134"},"modified":"2022-11-11T11:10:30","modified_gmt":"2022-11-11T11:10:30","slug":"perspectives-2024-le-pds-va-se-deployer-dans-la-diaspora","status":"publish","type":"post","link":"https:\/\/dekkbi.com\/?p=3134","title":{"rendered":"Perspectives 2024 : Le PDS va se d\u00e9ployer dans la diaspora&#8230;"},"content":{"rendered":"\n<p>iGFM &#8211; (Dakar) Le secr\u00e9taire g\u00e9n\u00e9ral national du parti d\u00e9mocratique s\u00e9n\u00e9galais, Me Abdoulaye Wade a annonc\u00e9, dans un communiqu\u00e9, le d\u00e9marrage du d\u00e9ploiement et de la redynamisation du parti \u00e0 l\u2019\u00e9tranger.<\/p>\n\n\n\n<p>Ainsi, les op\u00e9rations de placement, de vente des cartes et de renouvellement des structures d\u00e9marrent dans toutes les &nbsp;f\u00e9d\u00e9rations au niveau de la diaspora \u00e0 partir du 23 Novembre 2022.<br>&nbsp;<br>Le secr\u00e9taire g\u00e9n\u00e9ral national du Pds demande aux militantes et militants, aux mouvements de soutien de se mobiliser pour la seconde \u00e9tape des op\u00e9rations de placement et de vente des cartes aux fins de renouvellement des structures. Il les invite, par ailleurs \u00e0 accueillir et \u00e0 accompagner les superviseurs et commissaires politiques d\u00e9ploy\u00e9s sur toute l&rsquo;\u00e9tendue du territoire national.<br>&nbsp;<br>Les montages des secteurs s&rsquo;effectueront aussi, au fur et \u00e0 mesure que se d\u00e9roulera la vente des cartes avant de proc\u00e9der aux installations des sections et des f\u00e9d\u00e9rations qui s\u2019effectuera comme suit : la vente des cartes et le montage des secteurs: du 28 octobre au 31 d\u00e9cembre &nbsp;2022, le montage des sections : du 1er janvier &nbsp;2023 au 15 janvier 2023 et enfin le montage des f\u00e9d\u00e9rations: du 16 janvier au 31 janvier 2023.<br>&nbsp;<\/p>\n","protected":false},"excerpt":{"rendered":"<p>iGFM &#8211; (Dakar) Le secr\u00e9taire g\u00e9n\u00e9ral national du parti d\u00e9mocratique s\u00e9n\u00e9galais, Me Abdoulaye Wade a annonc\u00e9, dans un communiqu\u00e9, le<\/p>\n","protected":false},"author":1,"featured_media":3135,"comment_status":"open","ping_status":"open","sticky":false,"template":"","format":"standard","meta":{"footnotes":""},"categories":[6],"tags":[],"class_list":["post-3134","post","type-post","status-publish","format-standard","has-post-thumbnail","hentry","category-politics"],"_links":{"self":[{"href":"https:\/\/dekkbi.com\/index.php?rest_route=\/wp\/v2\/posts\/3134","targetHints":{"allow":["GET"]}}],"collection":[{"href":"https:\/\/dekkbi.com\/index.php?rest_route=\/wp\/v2\/posts"}],"about":[{"href":"https:\/\/dekkbi.com\/index.php?rest_route=\/wp\/v2\/types\/post"}],"author":[{"embeddable":true,"href":"https:\/\/dekkbi.com\/index.php?rest_route=\/wp\/v2\/users\/1"}],"replies":[{"embeddable":true,"href":"https:\/\/dekkbi.com\/index.php?rest_route=%2Fwp%2Fv2%2Fcomments&post=3134"}],"version-history":[{"count":1,"href":"https:\/\/dekkbi.com\/index.php?rest_route=\/wp\/v2\/posts\/3134\/revisions"}],"predecessor-version":[{"id":3136,"href":"https:\/\/dekkbi.com\/index.php?rest_route=\/wp\/v2\/posts\/3134\/revisions\/3136"}],"wp:featuredmedia":[{"embeddable":true,"href":"https:\/\/dekkbi.com\/index.php?rest_route=\/wp\/v2\/media\/3135"}],"wp:attachment":[{"href":"https:\/\/dekkbi.com\/index.php?rest_route=%2Fwp%2Fv2%2Fmedia&parent=3134"}],"wp:term":[{"taxonomy":"category","embeddable":true,"href":"https:\/\/dekkbi.com\/index.php?rest_route=%2Fwp%2Fv2%2Fcategories&post=3134"},{"taxonomy":"post_tag","embeddable":true,"href":"https:\/\/dekkbi.com\/index.php?rest_route=%2Fwp%2Fv2%2Ftags&post=3134"}],"curies":[{"name":"wp","href":"https:\/\/api.w.org\/{rel}","templated":true}]}}