{"id":31323,"date":"2024-02-14T16:51:51","date_gmt":"2024-02-14T16:51:51","guid":{"rendered":"https:\/\/dekkbi.com\/?p=31323"},"modified":"2024-02-14T16:51:52","modified_gmt":"2024-02-14T16:51:52","slug":"inexplicable-meme-lespagne-crie-au-scandale-apres-la-victoire-du-real-a-leipzig","status":"publish","type":"post","link":"https:\/\/dekkbi.com\/?p=31323","title":{"rendered":"\u201cInexplicable\u201d: m\u00eame l\u2019Espagne crie au scandale apr\u00e8s la victoire du Real \u00e0 Leipzig"},"content":{"rendered":"\n<p>Premiers matchs de l\u2019ann\u00e9e en Ligue des Champions et&#8230; premi\u00e8re pol\u00e9mique. Fallait-il annuler le but de Leipzig contre le Real en tout d\u00e9but de match? Pour la plupart des observateurs, la r\u00e9ponse est non. M\u00eame pour les m\u00e9dias espagnols et m\u00eame pour Toni Kroos.<\/p>\n\n\n\n<p>Il n\u2019a pas fallu deux minutes \u00e0 Leipzig pour faire trembler les filets, mardi soir, en Ligue des Champions contre le Real. Benjamin Sesko a cr\u00fb pendant un court instant avoir ouvert le score, mais le juge de ligne a lev\u00e9 son drapeau, l\u2019arbitre a annul\u00e9 le but et le VAR a valid\u00e9 cette d\u00e9cision.<\/p>\n\n\n\n<h2 class=\"wp-block-heading\">Rose: \u201cSi l\u2019arbitre est honn\u00eate&#8230;\u201d<\/h2>\n\n\n\n<p>Pourtant, l\u2019attaquant slov\u00e8ne de Leipzig n\u2019\u00e9tait pas en position de hors-jeu. C\u2019est la position de Benjamin Henrichs, situ\u00e9 derri\u00e8re le gardien du Real au moment de la frappe, qui a \u00e9t\u00e9 sanctionn\u00e9e. Et, pour le RB Leipzig, cette d\u00e9cision est difficile \u00e0 dig\u00e9rer. \u201cJe pense que si l\u2019arbitre revoit les images et s&rsquo;il est honn\u00eate, il admettra son erreur\u201d, estime Marco Rose, le coach de Lois Openda.<\/p>\n\n\n\n<p>Ce but annul\u00e9 fait d\u2019ailleurs d\u00e9bat jusqu\u2019en Espagne. \u201cQuel scandale\u201d et \u201cinexplicable\u201d, s\u2019insurge le Mundo Deportivo (un quotidien pro-Bar\u00e7a). \u201cPourquoi ce but a \u00e9t\u00e9 annul\u00e9? Un soi-disant hors-jeu de position d\u2019Henrichs qui, pourtant, ne d\u00e9range pas Lunin et ne fait aucun mouvement vers le ballon. Le responsable du VAR, Pol Van Boekel a aussi pu le constater, mais il n\u2019a pas souhait\u00e9 corriger ce qui \u00e9tait une erreur flagrante.\u201d<\/p>\n\n\n\n<h2 class=\"wp-block-heading\">Kroos: \u201cLe but aurait d\u00fb \u00eatre accord\u00e9\u201d<\/h2>\n\n\n\n<p>Mais, m\u00eame du c\u00f4t\u00e9 madril\u00e8ne, on juge que le corps arbitral a commis une erreur. Pour Toni Kroos, d\u2019ailleurs, le but de Sesko \u00e9tait valable. \u201cJe pense que l\u2019arbitre a siffl\u00e9 hors-jeu parce qu&rsquo;il estime que le joueur qui \u00e9tait derri\u00e8re a g\u00ean\u00e9 notre gardien, mais Lunin \u00e9tait loin du ballon donc, pour moi, le but aurait d\u00fb \u00eatre accord\u00e9\u201d, admet le m\u00e9dian du Real dans les colonnes de Marca.<\/p>\n\n\n\n<p>Voil\u00e0 qui ne risque pas d\u2019\u00e9teindre la pol\u00e9mique et pour Leipzig. Les Allemands auraient pu id\u00e9alement se lancer, ils se d\u00e9placeront finalement \u00e0 Madrid avec un but de retard. Mais il en faut plus pour \u00e9teindre les ambitions de Marco Rose. \u201cNous avons encore un but de retard, mais on peut encore atteindre les quarts de finale et nous devrons le d\u00e9montrer au match retour.\u201d<\/p>\n","protected":false},"excerpt":{"rendered":"<p>Premiers matchs de l\u2019ann\u00e9e en Ligue des Champions et&#8230; premi\u00e8re pol\u00e9mique. Fallait-il annuler le but de Leipzig contre le Real<\/p>\n","protected":false},"author":1,"featured_media":31324,"comment_status":"open","ping_status":"open","sticky":false,"template":"","format":"standard","meta":{"footnotes":""},"categories":[9],"tags":[],"class_list":["post-31323","post","type-post","status-publish","format-standard","has-post-thumbnail","hentry","category-sports"],"_links":{"self":[{"href":"https:\/\/dekkbi.com\/index.php?rest_route=\/wp\/v2\/posts\/31323","targetHints":{"allow":["GET"]}}],"collection":[{"href":"https:\/\/dekkbi.com\/index.php?rest_route=\/wp\/v2\/posts"}],"about":[{"href":"https:\/\/dekkbi.com\/index.php?rest_route=\/wp\/v2\/types\/post"}],"author":[{"embeddable":true,"href":"https:\/\/dekkbi.com\/index.php?rest_route=\/wp\/v2\/users\/1"}],"replies":[{"embeddable":true,"href":"https:\/\/dekkbi.com\/index.php?rest_route=%2Fwp%2Fv2%2Fcomments&post=31323"}],"version-history":[{"count":1,"href":"https:\/\/dekkbi.com\/index.php?rest_route=\/wp\/v2\/posts\/31323\/revisions"}],"predecessor-version":[{"id":31325,"href":"https:\/\/dekkbi.com\/index.php?rest_route=\/wp\/v2\/posts\/31323\/revisions\/31325"}],"wp:featuredmedia":[{"embeddable":true,"href":"https:\/\/dekkbi.com\/index.php?rest_route=\/wp\/v2\/media\/31324"}],"wp:attachment":[{"href":"https:\/\/dekkbi.com\/index.php?rest_route=%2Fwp%2Fv2%2Fmedia&parent=31323"}],"wp:term":[{"taxonomy":"category","embeddable":true,"href":"https:\/\/dekkbi.com\/index.php?rest_route=%2Fwp%2Fv2%2Fcategories&post=31323"},{"taxonomy":"post_tag","embeddable":true,"href":"https:\/\/dekkbi.com\/index.php?rest_route=%2Fwp%2Fv2%2Ftags&post=31323"}],"curies":[{"name":"wp","href":"https:\/\/api.w.org\/{rel}","templated":true}]}}