{"id":31317,"date":"2024-02-14T16:43:04","date_gmt":"2024-02-14T16:43:04","guid":{"rendered":"https:\/\/dekkbi.com\/?p=31317"},"modified":"2024-02-14T16:43:05","modified_gmt":"2024-02-14T16:43:05","slug":"face-aux-tensions-dans-le-sud-du-liban-le-hezbollah-saffiche-en-protecteur","status":"publish","type":"post","link":"https:\/\/dekkbi.com\/?p=31317","title":{"rendered":"Face aux tensions dans le sud du Liban, le Hezbollah s\u2019affiche en protecteur"},"content":{"rendered":"\n<p>En lien avec la guerre \u00e0 Gaza, les affrontements sont quotidiens entre Isra\u00ebl et le Hezbollah libanais. L\u2019organisation politico-militaire, proche de l\u2019Iran, m\u00e8ne des attaques de roquettes et de drones auxquelles r\u00e9pliquent des raids isra\u00e9liens. Plus de 80\u00a0000 habitants du sud du Liban ont \u00e9t\u00e9 d\u00e9plac\u00e9s de la r\u00e9gion frontali\u00e8re. Dans ce fief du Hezbollah, la milice chiite est active sur le plan militaire, mais aussi sur le plan civil, en prenant notamment en charge le relogement des familles d\u00e9plac\u00e9es.<\/p>\n\n\n\n<p>Par :Nicolas Falez <em>envoy\u00e9 sp\u00e9cial  RFI dans le sud du Liban,<\/em><\/p>\n\n\n\n<p>La voiture devant nous s\u2019arr\u00eate et par la fen\u00eatre l\u2019un des passagers nous montre du doigt des d\u00e9bris noircis sur le bord de la route. C\u2019est ici qu\u2019en janvier une frappe attribu\u00e9e \u00e0 Isra\u00ebl a tu\u00e9 Wissam Tawil, un important commandant du\u00a0<strong>Hezbollah<\/strong>. Son portrait s\u2019affiche d\u00e9sormais sur des banni\u00e8res flottant dans les rues du village\u00a0: l\u2019homme barbu porte une casquette assortie \u00e0 sa veste de camouflage et les affiches font du disparu un \u00ab\u00a0<em>martyr sur le chemin de J\u00e9rusalem\u00a0<\/em>\u00bb. C\u2019est en effet pour affirmer sa solidarit\u00e9 avec les Palestiniens que\u00a0<strong>le Hezbollah attaque le nord d\u2019Isra\u00ebl<\/strong>\u00a0depuis quatre mois. \u00ab\u00a0<em>Oui, c\u2019est un h\u00e9ros. C\u2019est s\u00fbr<\/em>\u00a0\u00bb, nous dit cette habitante du village lorsqu\u2019on l\u2019interroge sur la mort de Wissam Tawil. \u00ab\u00a0<em>Il nous prot\u00e9geait. Tout ce qu\u2019on dit de lui ne suffit pas \u00e0 d\u00e9crire ce martyr. Dieu le sait<\/em>\u00a0\u00bb, termine-t-elle.<\/p>\n\n\n\n<p>Un drone gr\u00e9sille dans le ciel bleu. \u00ab<em>\u00a0Invisible, mais isra\u00e9lien<\/em>\u00a0\u00bb, nous dit-on. Ici, c\u2019est Khirbet Selm, village chiite des montagnes du\u00a0<strong>Liban du Sud<\/strong>, \u00e0 une dizaine de kilom\u00e8tres seulement de la fronti\u00e8re isra\u00e9lienne. Pour des journalistes, il est impossible de circuler sans y \u00eatre autoris\u00e9 et accompagn\u00e9 par des membres du Hezbollah. Ce sont eux qui nous ont indiqu\u00e9 le lieu de la frappe qui a co\u00fbt\u00e9 la vie \u00e0 Wissam Tawil, dans son village natal.<\/p>\n\n\n\n<h2 class=\"wp-block-heading\">Poing vert sur fond jaune<\/h2>\n\n\n\n<p>Dans ces collines,\u00a0<strong>le Hezbollah contr\u00f4le tout<\/strong>. L\u2019arm\u00e9e et la police libanaise sont absentes du paysage. Poing vert brandissant un fusil automatique sur fond jaune, le drapeau du Hezbollah, lui, est partout. Des portraits du guide supr\u00eame iranien Ali Khamenei ou du g\u00e9n\u00e9ral des Gardiens de la r\u00e9volution Qassem Soleimani, assassin\u00e9 en 2020, rappellent la proximit\u00e9 entre la R\u00e9publique islamique d\u2019Iran et le Hezbollah libanais. Ce dernier est \u00e0 la fois un parti politique et une puissante organisation arm\u00e9e, dont les roquettes et les drones visent quotidiennement le nord d\u2019Isra\u00ebl depuis le d\u00e9but de la guerre \u00e0 Gaza.<\/p>\n\n\n\n<p>Ici, nous n\u2019entendrons que des voix favorables au \u00ab&nbsp;Hezb&nbsp;\u00bb (\u00ab le Parti&nbsp;\u00bb), comme le surnomment les habitants. \u00ab&nbsp;<em>Par la volont\u00e9 de Dieu, Isra\u00ebl va cesser d\u2019exister&nbsp;<\/em>\u00bb, dit Hassan qui s\u2019indigne de \u00ab&nbsp;<em>ce qu\u2019Isra\u00ebl fait endurer au peuple libanais et au peuple palestinien. Que le Hezb gagne si Dieu le veut et que nous puissions retourner dans nos villages&nbsp;!&nbsp;<\/em>\u00bb, continue-t-il. Car Hassan est un d\u00e9plac\u00e9, un ouvrier agricole du village de Mhaibi, litt\u00e9ralement coll\u00e9 \u00e0 la ligne bleue qui fait office de fronti\u00e8re entre le Liban et Isra\u00ebl. D\u00e8s que la r\u00e9gion s\u2019est embras\u00e9e en octobre 2023, Hassan a fui la zone devenue trop dangereuse. \u00ab<em>&nbsp;Si le Hezbollah ne nous aidait pas, on n\u2019aurait pas pu s\u2019installer<\/em>&nbsp;\u00bb, explique le quinquag\u00e9naire au visage burin\u00e9 qui nous re\u00e7oit dans le grand appartement o\u00f9 il est h\u00e9berg\u00e9 avec son \u00e9pouse et leurs quatre enfants. \u00ab<em>&nbsp;Ils nous donnent une somme d\u2019argent chaque mois, de l\u2019aide alimentaire\u2026 Tout ce dont on a besoin, on le demande et ils l\u2019apportent. Et il y a tout ce qu\u2019il faut&nbsp;: l\u2019eau, l\u2019\u00e9lectricit\u00e9, des v\u00eatements. Ils ont m\u00eame apport\u00e9 des meubles pour l\u2019appartement&nbsp;<\/em>\u00bb, poursuit-il.<\/p>\n","protected":false},"excerpt":{"rendered":"<p>En lien avec la guerre \u00e0 Gaza, les affrontements sont quotidiens entre Isra\u00ebl et le Hezbollah libanais. L\u2019organisation politico-militaire, proche<\/p>\n","protected":false},"author":1,"featured_media":31318,"comment_status":"open","ping_status":"open","sticky":false,"template":"","format":"standard","meta":{"footnotes":""},"categories":[26],"tags":[],"class_list":["post-31317","post","type-post","status-publish","format-standard","has-post-thumbnail","hentry","category-fait-divers"],"_links":{"self":[{"href":"https:\/\/dekkbi.com\/index.php?rest_route=\/wp\/v2\/posts\/31317","targetHints":{"allow":["GET"]}}],"collection":[{"href":"https:\/\/dekkbi.com\/index.php?rest_route=\/wp\/v2\/posts"}],"about":[{"href":"https:\/\/dekkbi.com\/index.php?rest_route=\/wp\/v2\/types\/post"}],"author":[{"embeddable":true,"href":"https:\/\/dekkbi.com\/index.php?rest_route=\/wp\/v2\/users\/1"}],"replies":[{"embeddable":true,"href":"https:\/\/dekkbi.com\/index.php?rest_route=%2Fwp%2Fv2%2Fcomments&post=31317"}],"version-history":[{"count":1,"href":"https:\/\/dekkbi.com\/index.php?rest_route=\/wp\/v2\/posts\/31317\/revisions"}],"predecessor-version":[{"id":31319,"href":"https:\/\/dekkbi.com\/index.php?rest_route=\/wp\/v2\/posts\/31317\/revisions\/31319"}],"wp:featuredmedia":[{"embeddable":true,"href":"https:\/\/dekkbi.com\/index.php?rest_route=\/wp\/v2\/media\/31318"}],"wp:attachment":[{"href":"https:\/\/dekkbi.com\/index.php?rest_route=%2Fwp%2Fv2%2Fmedia&parent=31317"}],"wp:term":[{"taxonomy":"category","embeddable":true,"href":"https:\/\/dekkbi.com\/index.php?rest_route=%2Fwp%2Fv2%2Fcategories&post=31317"},{"taxonomy":"post_tag","embeddable":true,"href":"https:\/\/dekkbi.com\/index.php?rest_route=%2Fwp%2Fv2%2Ftags&post=31317"}],"curies":[{"name":"wp","href":"https:\/\/api.w.org\/{rel}","templated":true}]}}