{"id":31315,"date":"2024-02-14T16:38:26","date_gmt":"2024-02-14T16:38:26","guid":{"rendered":"https:\/\/dekkbi.com\/?p=31315"},"modified":"2024-02-14T16:38:26","modified_gmt":"2024-02-14T16:38:26","slug":"rafah-toute-la-difficulte-pour-israel-est-de-faire-le-tri-entre-les-civils-et-les-combattants","status":"publish","type":"post","link":"https:\/\/dekkbi.com\/?p=31315","title":{"rendered":"Rafah: \u00abToute la difficult\u00e9 pour Isra\u00ebl est de faire le tri entre les civils et les combattants\u00bb"},"content":{"rendered":"\n<p>Le pr\u00e9sident am\u00e9ricain Joe Biden r\u00e9clame une pause de six semaines des combats \u00e0 Gaza, alors que se tiennent ce mardi en \u00c9gypte des n\u00e9gociations sur une tr\u00eave militaire et la lib\u00e9ration des otages. <\/p>\n\n\n\n<p>Le Premier ministre isra\u00e9lien Benyamin Netanyahu, lui, ne renonce pas \u00e0 une offensive sur Rafah, o\u00f9\u00a0s&rsquo;entassent 1,7 million de personnes d\u00e9sormais menac\u00e9es par une crise humanitaire majeure. <\/p>\n\n\n\n<p>Entretien avec Fabrice Balanche, ma\u00eetre de conf\u00e9rences HDR en g\u00e9ographie \u00e0 l&rsquo;Universit\u00e9 Lyon 2 et auteur de plusieurs ouvrages sur le Moyen-Orient.\u00a0<\/p>\n\n\n\n<p>SOURCE RFI<\/p>\n","protected":false},"excerpt":{"rendered":"<p>Le pr\u00e9sident am\u00e9ricain Joe Biden r\u00e9clame une pause de six semaines des combats \u00e0 Gaza, alors que se tiennent ce<\/p>\n","protected":false},"author":1,"featured_media":24431,"comment_status":"open","ping_status":"open","sticky":false,"template":"","format":"standard","meta":{"footnotes":""},"categories":[51],"tags":[],"class_list":["post-31315","post","type-post","status-publish","format-standard","has-post-thumbnail","hentry","category-general"],"_links":{"self":[{"href":"https:\/\/dekkbi.com\/index.php?rest_route=\/wp\/v2\/posts\/31315","targetHints":{"allow":["GET"]}}],"collection":[{"href":"https:\/\/dekkbi.com\/index.php?rest_route=\/wp\/v2\/posts"}],"about":[{"href":"https:\/\/dekkbi.com\/index.php?rest_route=\/wp\/v2\/types\/post"}],"author":[{"embeddable":true,"href":"https:\/\/dekkbi.com\/index.php?rest_route=\/wp\/v2\/users\/1"}],"replies":[{"embeddable":true,"href":"https:\/\/dekkbi.com\/index.php?rest_route=%2Fwp%2Fv2%2Fcomments&post=31315"}],"version-history":[{"count":1,"href":"https:\/\/dekkbi.com\/index.php?rest_route=\/wp\/v2\/posts\/31315\/revisions"}],"predecessor-version":[{"id":31316,"href":"https:\/\/dekkbi.com\/index.php?rest_route=\/wp\/v2\/posts\/31315\/revisions\/31316"}],"wp:featuredmedia":[{"embeddable":true,"href":"https:\/\/dekkbi.com\/index.php?rest_route=\/wp\/v2\/media\/24431"}],"wp:attachment":[{"href":"https:\/\/dekkbi.com\/index.php?rest_route=%2Fwp%2Fv2%2Fmedia&parent=31315"}],"wp:term":[{"taxonomy":"category","embeddable":true,"href":"https:\/\/dekkbi.com\/index.php?rest_route=%2Fwp%2Fv2%2Fcategories&post=31315"},{"taxonomy":"post_tag","embeddable":true,"href":"https:\/\/dekkbi.com\/index.php?rest_route=%2Fwp%2Fv2%2Ftags&post=31315"}],"curies":[{"name":"wp","href":"https:\/\/api.w.org\/{rel}","templated":true}]}}