{"id":31310,"date":"2024-02-14T16:33:19","date_gmt":"2024-02-14T16:33:19","guid":{"rendered":"https:\/\/dekkbi.com\/?p=31310"},"modified":"2024-02-14T16:33:20","modified_gmt":"2024-02-14T16:33:20","slug":"affaire-bygmalion-en-appel-nicolas-sarkozy-condamne-a-un-an-de-prison-dont-six-mois-avec-sursis","status":"publish","type":"post","link":"https:\/\/dekkbi.com\/?p=31310","title":{"rendered":"Affaire Bygmalion: en appel, Nicolas Sarkozy condamn\u00e9 \u00e0 un an de prison dont six mois avec sursis"},"content":{"rendered":"\n<p>La cour d&rsquo;appel de Paris a condamn\u00e9, mercredi 14 f\u00e9vrier, Nicolas Sarkozy en appel \u00e0 un an d&#8217;emprisonnement dont six mois avec sursis dans l&rsquo;affaire Bygmalion sur les d\u00e9penses excessives de sa campagne pr\u00e9sidentielle perdue de 2012. L&rsquo;ancien pr\u00e9sident, va se pourvoir en cassation, la plus haute juridiction judiciaire nationale, dit Me Desry, son avocat.<\/p>\n\n\n\n<p>Si la Cour a maintenu la culpabilit\u00e9 de l&rsquo;ancien pr\u00e9sident, elle a en revanche revu sa peine l\u00e9g\u00e8rement \u00e0 la baisse.&nbsp;Les six mois de prison ferme de la peine inflig\u00e9e \u00e0 l&rsquo;ancien pr\u00e9sident (2007-2012) seront am\u00e9nag\u00e9s, a pr\u00e9cis\u00e9 la pr\u00e9sidente de la cour en lisant sa d\u00e9cision, ajoutant que la cour \u00e9tait \u00ab&nbsp;<em>revenue au quantum requis en premi\u00e8re instance par le minist\u00e8re public<\/em>&nbsp;\u00bb. Nicolas Sarkozy n&rsquo;a montr\u00e9 aucune r\u00e9action particuli\u00e8re et a quitt\u00e9 le tribunal sans faire de d\u00e9claration, rapporte&nbsp;<strong>Laura Martel<\/strong>, depuis le palais de justice de Paris.<\/p>\n\n\n\n<p>En septembre 2021, le tribunal correctionnel de Paris\u00a0<strong>avait reconnu Nicolas Sarkozy coupable<\/strong>\u00a0d&rsquo;avoir largement d\u00e9pass\u00e9 le plafond l\u00e9gal des d\u00e9penses et l&rsquo;avait condamn\u00e9 \u00e0 un an de prison ferme pour financement ill\u00e9gal de campagne. Le tribunal avait toutefois demand\u00e9 que cette peine soit directement am\u00e9nag\u00e9e, \u00e0 domicile, sous surveillance \u00e9lectronique. Treize autres personnes avaient aussi \u00e9t\u00e9 condamn\u00e9es \u00e0 des peines allant jusqu&rsquo;\u00e0 trois ans et demi de prison, dont une partie avec sursis. Nicolas Sarkozy et neuf autres personnes ont fait appel et ont \u00e9t\u00e9 rejug\u00e9es du 8 novembre au 7 d\u00e9cembre dernier.<\/p>\n\n\n\n<h2 class=\"wp-block-heading\">Explosion des d\u00e9penses de campagne<\/h2>\n\n\n\n<p>Dans ce dossier, les investigations ont r\u00e9v\u00e9l\u00e9 que pour masquer l&rsquo;explosion des d\u00e9penses de sa campagne \u2013 pr\u00e8s de 43 millions d&rsquo;euros pour un maximum autoris\u00e9 de 22,5 millions \u2013 un syst\u00e8me de double facturation avait \u00e9t\u00e9 mis en place imputant \u00e0 l&rsquo;UMP, sous couvert de conventions fictives, une grosse partie du co\u00fbt des meetings. Contrairement \u00e0 ses co-pr\u00e9venus, l&rsquo;ex-chef de l&rsquo;\u00c9tat n&rsquo;est pas mis en cause pour ce syst\u00e8me de fausses factures.<\/p>\n\n\n\n<p>Nicolas Sarkozy a, comme lors du premier proc\u00e8s,\u00a0<a href=\"https:\/\/www.rfi.fr\/fr\/france\/20231124-proc%C3%A8s-bygmalion-en-appel-l-ex-pr%C3%A9sident-nicolas-sarkozy-conteste-toute-responsabilit%C3%A9-p%C3%A9nale\"><strong>contest\u00e9\u00a0<\/strong><\/a><strong>\u00ab\u00a0<em>vigoureusement toute responsabilit\u00e9 p\u00e9nale<\/em>\u00a0\u00bb<\/strong>, d\u00e9non\u00e7ant \u00ab<em>\u00a0fables\u00a0<\/em>\u00bb et \u00ab\u00a0<em>mensonges<\/em>\u00a0\u00bb.\u00a0Son avocat, Me Vincent Desry, a plaid\u00e9 sa relaxe, assurant que l&rsquo;ex-chef de l&rsquo;\u00c9tat n&rsquo;avait \u00ab\u00a0<em>jamais eu connaissance d&rsquo;un d\u00e9passement<\/em>\u00a0\u00bb du plafond l\u00e9gal des d\u00e9penses \u00e9lectorales et \u00ab<em>\u00a0jamais engag\u00e9 de d\u00e9penses\u00a0<\/em>\u00bb.\u00a0Il a estim\u00e9 qu&rsquo;il avait \u00e9t\u00e9 \u00ab\u00a0<em>impossible<\/em>\u00a0\u00bb au minist\u00e8re public de \u00ab\u00a0<em>d\u00e9montrer l&rsquo;\u00e9l\u00e9ment intentionnel\u00a0<\/em>\u00bb ni \u00ab\u00a0<em>l&rsquo;\u00e9l\u00e9ment mat\u00e9riel<\/em>\u00a0\u00bb de l&rsquo;infraction reproch\u00e9e.<\/p>\n\n\n\n<h2 class=\"wp-block-heading\">Pourvoi en cassation<\/h2>\n\n\n\n<p>L&rsquo;ancien pr\u00e9sident s&rsquo;est pourvu en cassation contre sa condamnation, a annonc\u00e9 \u00e0 la presse son avocat, Vincent Desry. \u00ab&nbsp;<em>Monsieur Nicolas Sarkozy est pleinement innocent, il a pris acte de cette d\u00e9cision, il a d\u00e9cid\u00e9 de se pourvoir en cassation. Il maintient donc son combat, sa position dans cette affaire<\/em>&nbsp;\u00bb, a pr\u00e9cis\u00e9 Me Desry devant la presse.<\/p>\n\n\n\n<p>00:49<\/p>\n\n\n\n<p>Me Vincent Desry : \u00abL&rsquo;arr\u00eat qui a \u00e9t\u00e9 rendu ce jour par la cour d&rsquo;appel est hautement contestable\u00bbLaura Martel<\/p>\n\n\n\n<p>Nicolas Sarkozy n\u2019en a pas fini avec la justice puisqu&rsquo;il a \u00e9t\u00e9 condamn\u00e9 l&rsquo;ann\u00e9e derni\u00e8re en appel \u00e0 trois ans de prison, dont un ferme, dans l&rsquo;affaire des \u00e9coutes. Un pourvoi en cassation est en cours dans cette affaire. Il sera aussi jug\u00e9 l&rsquo;an prochain, notamment pour corruption dans l&rsquo;affaire du financement pr\u00e9sum\u00e9 de sa campagne par l&rsquo;ex-dictateur libyen Mouammar Kadhafi et mis en examen depuis octobre dernier dans un autre volet de cette affaire.<\/p>\n\n\n\n<p>(<em>Et avec&nbsp;<\/em>AFP)<\/p>\n","protected":false},"excerpt":{"rendered":"<p>La cour d&rsquo;appel de Paris a condamn\u00e9, mercredi 14 f\u00e9vrier, Nicolas Sarkozy en appel \u00e0 un an d&#8217;emprisonnement dont six<\/p>\n","protected":false},"author":1,"featured_media":4330,"comment_status":"open","ping_status":"open","sticky":false,"template":"","format":"standard","meta":{"footnotes":""},"categories":[51],"tags":[],"class_list":["post-31310","post","type-post","status-publish","format-standard","has-post-thumbnail","hentry","category-general"],"_links":{"self":[{"href":"https:\/\/dekkbi.com\/index.php?rest_route=\/wp\/v2\/posts\/31310","targetHints":{"allow":["GET"]}}],"collection":[{"href":"https:\/\/dekkbi.com\/index.php?rest_route=\/wp\/v2\/posts"}],"about":[{"href":"https:\/\/dekkbi.com\/index.php?rest_route=\/wp\/v2\/types\/post"}],"author":[{"embeddable":true,"href":"https:\/\/dekkbi.com\/index.php?rest_route=\/wp\/v2\/users\/1"}],"replies":[{"embeddable":true,"href":"https:\/\/dekkbi.com\/index.php?rest_route=%2Fwp%2Fv2%2Fcomments&post=31310"}],"version-history":[{"count":1,"href":"https:\/\/dekkbi.com\/index.php?rest_route=\/wp\/v2\/posts\/31310\/revisions"}],"predecessor-version":[{"id":31311,"href":"https:\/\/dekkbi.com\/index.php?rest_route=\/wp\/v2\/posts\/31310\/revisions\/31311"}],"wp:featuredmedia":[{"embeddable":true,"href":"https:\/\/dekkbi.com\/index.php?rest_route=\/wp\/v2\/media\/4330"}],"wp:attachment":[{"href":"https:\/\/dekkbi.com\/index.php?rest_route=%2Fwp%2Fv2%2Fmedia&parent=31310"}],"wp:term":[{"taxonomy":"category","embeddable":true,"href":"https:\/\/dekkbi.com\/index.php?rest_route=%2Fwp%2Fv2%2Fcategories&post=31310"},{"taxonomy":"post_tag","embeddable":true,"href":"https:\/\/dekkbi.com\/index.php?rest_route=%2Fwp%2Fv2%2Ftags&post=31310"}],"curies":[{"name":"wp","href":"https:\/\/api.w.org\/{rel}","templated":true}]}}