{"id":3129,"date":"2022-11-11T10:57:58","date_gmt":"2022-11-11T10:57:58","guid":{"rendered":"https:\/\/dekkbi.com\/?p=3129"},"modified":"2022-11-11T10:57:59","modified_gmt":"2022-11-11T10:57:59","slug":"afrique-du-sud-les-fonctionnaires-en-greve-pour-une-augmentation-de-salaire","status":"publish","type":"post","link":"https:\/\/dekkbi.com\/?p=3129","title":{"rendered":"Afrique du Sud: les fonctionnaires en gr\u00e8ve pour une augmentation de salaire"},"content":{"rendered":"\n<p>En Afrique du Sud, un syndicat de fonctionnaire a men\u00e9 une gr\u00e8ve, jeudi 10 novembre, pour r\u00e9clamer de meilleures hausses de salaires. Apr\u00e8s des n\u00e9gociations, le gouvernement sud-africain a d\u00e9cid\u00e9 d\u2019imposer une augmentation de 3%, la premi\u00e8re depuis 2018. Mais elle est tr\u00e8s loin d\u2019\u00eatre suffisante, selon les gr\u00e9vistes. Ils se sont lanc\u00e9s dans un bras de fer avec le minist\u00e8re des Finances.<\/p>\n\n\n\n<p><em>Avec notre envoy\u00e9e sp\u00e9ciale \u00e0 Pretoria<\/em>,\u00a0<strong>Claire Bargel\u00e8s<\/strong> &#8211; RFI<\/p>\n\n\n\n<p>Plusieurs marches \u00e9taient organis\u00e9es dans le pays \u00e0 l\u2019appel de la Public Servants Association (PSA), qui repr\u00e9sente plus de 230 000 fonctionnaires. \u00c0 Pretoria, les manifestants se sont rendus devant le d\u00e9partement du Tr\u00e9sor, avec \u00e0 leur t\u00eate Jannie Oosthuizen, qui participe aux n\u00e9gociations.<\/p>\n\n\n\n<p>\u00ab&nbsp;<em>Nous avons formul\u00e9 une demande d\u2019augmentation salariale de 10%, et l\u2019employeur n\u2019offre que 3%. Nous nous trouvons donc dans une impasse et nous avons ainsi d\u00e9pos\u00e9 un pr\u00e9avis de gr\u00e8ve pour pouvoir montrer au gouvernement que nous n\u2019accepterons pas ces 3%, qui sont une insulte pour la classe laborieuse<\/em>&nbsp;\u00bb, s\u2019indigne-t-elle.<\/p>\n\n\n\n<h2 class=\"wp-block-heading\">\u00ab&nbsp;<em>Ici, sur le terrain, on souffre \u00bb<\/em><\/h2>\n\n\n\n<p>Avec 700 euros par mois, Ofentse, employ\u00e9 par le d\u00e9partement de l\u2019\u00c9ducation, a du mal \u00e0 joindre les deux bouts. \u00ab&nbsp;<em>Ici, sur le terrain, on souffre. On esp\u00e8re que le gouvernement fera un pas vers nous<\/em>&nbsp;\u00bb, t\u00e9moigne-t-il. \u00ab&nbsp;<em>Si vous verriez ma fiche de paie, elle donne envie de pleurer. Avec les imp\u00f4ts qui s\u2019y ajoutent, c\u2019est trop ! Et pourtant on travaille beaucoup ! C\u2019est pour \u00e7a qu&rsquo;on est ici aujourd&rsquo;hui<\/em>&nbsp;\u00bb, ajoute-t-il.<\/p>\n\n\n\n<p>Jabulisile gagne, elle, le double. Mais elle peine \u00e0 payer ses factures dans un contexte o\u00f9<strong>\u00a0l\u2019inflation sur un an d\u00e9passe les 7% en septembre.<\/strong>\u00a0\u00ab\u00a0<em>La nourriture, les frais de scolarit\u00e9, l\u2019assurance maladie, l\u2019essence&#8230; Tout augmente ! Et en plus, on est tous en charge d\u2019autres personnes au sein de la famille&#8230; Alors qu\u2019est-ce que je peux faire avec ce salaire ?<\/em>\u00a0\u00bb, dit-elle.<\/p>\n\n\n\n<p>Le gouvernement explique, de son c\u00f4t\u00e9, \u00eatre limit\u00e9 par le budget et l\u2019impossibilit\u00e9 d\u2019alourdir la dette sud-africaine. D\u2019autres syndicats impliqu\u00e9s dans les n\u00e9gociations avec le gouvernement d\u00e9lib\u00e8rent toujours pour savoir s\u2019ils appelleront bient\u00f4t, eux aussi, leurs membres \u00e0 faire gr\u00e8ve.<\/p>\n","protected":false},"excerpt":{"rendered":"<p>En Afrique du Sud, un syndicat de fonctionnaire a men\u00e9 une gr\u00e8ve, jeudi 10 novembre, pour r\u00e9clamer de meilleures hausses<\/p>\n","protected":false},"author":1,"featured_media":3130,"comment_status":"open","ping_status":"open","sticky":false,"template":"","format":"standard","meta":{"footnotes":""},"categories":[26],"tags":[],"class_list":["post-3129","post","type-post","status-publish","format-standard","has-post-thumbnail","hentry","category-fait-divers"],"_links":{"self":[{"href":"https:\/\/dekkbi.com\/index.php?rest_route=\/wp\/v2\/posts\/3129","targetHints":{"allow":["GET"]}}],"collection":[{"href":"https:\/\/dekkbi.com\/index.php?rest_route=\/wp\/v2\/posts"}],"about":[{"href":"https:\/\/dekkbi.com\/index.php?rest_route=\/wp\/v2\/types\/post"}],"author":[{"embeddable":true,"href":"https:\/\/dekkbi.com\/index.php?rest_route=\/wp\/v2\/users\/1"}],"replies":[{"embeddable":true,"href":"https:\/\/dekkbi.com\/index.php?rest_route=%2Fwp%2Fv2%2Fcomments&post=3129"}],"version-history":[{"count":1,"href":"https:\/\/dekkbi.com\/index.php?rest_route=\/wp\/v2\/posts\/3129\/revisions"}],"predecessor-version":[{"id":3131,"href":"https:\/\/dekkbi.com\/index.php?rest_route=\/wp\/v2\/posts\/3129\/revisions\/3131"}],"wp:featuredmedia":[{"embeddable":true,"href":"https:\/\/dekkbi.com\/index.php?rest_route=\/wp\/v2\/media\/3130"}],"wp:attachment":[{"href":"https:\/\/dekkbi.com\/index.php?rest_route=%2Fwp%2Fv2%2Fmedia&parent=3129"}],"wp:term":[{"taxonomy":"category","embeddable":true,"href":"https:\/\/dekkbi.com\/index.php?rest_route=%2Fwp%2Fv2%2Fcategories&post=3129"},{"taxonomy":"post_tag","embeddable":true,"href":"https:\/\/dekkbi.com\/index.php?rest_route=%2Fwp%2Fv2%2Ftags&post=3129"}],"curies":[{"name":"wp","href":"https:\/\/api.w.org\/{rel}","templated":true}]}}