{"id":31289,"date":"2024-02-14T10:37:06","date_gmt":"2024-02-14T10:37:06","guid":{"rendered":"https:\/\/dekkbi.com\/?p=31289"},"modified":"2024-02-14T10:52:28","modified_gmt":"2024-02-14T10:52:28","slug":"aar-sunu-election-prevoit-dorganiser-une-marche-pacifique-samedi-a-dakar","status":"publish","type":"post","link":"https:\/\/dekkbi.com\/?p=31289","title":{"rendered":"\u201dAar Sunu election\u201d pr\u00e9voit d\u2019organiser une marche pacifique samedi \u00e0 Dakar"},"content":{"rendered":"\n<p>Dakar, 14 f\u00e9v (APS) \u2013 Des organisations de la soci\u00e9t\u00e9 civile regroup\u00e9es dans la plateforme \u2018\u2019Aar Sunu election\u2019\u2019 (prot\u00e9ger notre \u00e9lection), pr\u00e9voient d\u2019organiser samedi une journ\u00e9e de mobilisation contre le report annonc\u00e9 de l\u2019\u00e9lection pr\u00e9sidentielle du 25 f\u00e9vrier, a appris l\u2019APS de ses responsables.<\/p>\n\n\n\n<p>Apr\u00e8s l\u2019interdiction par le pr\u00e9fet de Dakar de la marche silencieuse qu\u2019elle projetait d\u2019organiser mardi sur l\u2019avenue Bourguiba, la plateforme Aar Sunu election a d\u00e9cid\u00e9 de remettre \u00e7a samedi \u00e0 partir de 11 heures pour protester contre le report de l\u2019\u00e9lection pr\u00e9sidentielle, ont annonc\u00e9 ses responsables lors d\u2019une conf\u00e9rence de presse.<\/p>\n\n\n\n<p>Les responsables de ce regroupement d\u2019organisations et mouvements se r\u00e9clamant de la soci\u00e9t\u00e9 civile ont notamment propos\u00e9 d\u2019organiser cette manifestation sur l\u2019itin\u00e9raire menant du Rond-point Sipres au quartier de Libert\u00e9 VI.<\/p>\n\n\n\n<p>Intervenant lors de cette rencontre avec des journalistes, Elimane Kane, un des membres de la plateforme a lanc\u00e9 un appel \u00e0 la mobilisation de tous les citoyens en faveur du respect de la constitution et du calendrier \u00e9lectoral.<\/p>\n\n\n\n<p>En freinant le processus \u00e9lectoral, le chef de l\u2019Etat Macky Sall \u201dprive au peuple d\u2019user de son droit souverain de choisir d\u00e9mocratiquement un pr\u00e9sident de la R\u00e9publique par le voies constitutionnelles et l\u00e9gales\u201d, a laiss\u00e9 entendre M. Kane.<\/p>\n\n\n\n<p>La mont\u00e9e soudaine de la tension politique au S\u00e9n\u00e9gal est survenue apr\u00e8s que le chef de l\u2019Etat, Macky Sall, a annonc\u00e9 le 3 f\u00e9vrier l\u2019abrogation du d\u00e9cret qu\u2019il avait sign\u00e9 pour convoquer le corps \u00e9lectoral, le 25 f\u00e9vrier.<\/p>\n\n\n\n<p>Pour expliquer sa d\u00e9cision le pr\u00e9sident Macky Sall a invoqu\u00e9 des suspicions de corruption agit\u00e9es par le Parti d\u00e9mocratique s\u00e9n\u00e9galais, PDS, \u00e0 l\u2019encontre de deux juges du Conseil constitutionnel au sujet du rejet du dossier de candidature de son leader \u00e0 l\u2019\u00e9lection pr\u00e9sidentielle, Karim Meissa Wade.<\/p>\n\n\n\n<p>Cette annonce a \u00e9t\u00e9 suivie, deux jours plus tard, du vote d\u2019une loi portant report au 15 d\u00e9cembre prochain de l\u2019\u00e9lection pr\u00e9sidentielle du 25 f\u00e9vrier.<\/p>\n\n\n\n<p>Des d\u00e9put\u00e9s de l\u2019opposition ont introduit deux recours au Conseil constitutionnel pour r\u00e9clamer l\u2019annulation de cette loi adopt\u00e9e lors d\u2019une s\u00e9ance houleuse marqu\u00e9e par l\u2019expulsion des d\u00e9put\u00e9s de l\u2019opposition par les gendarmes.<\/p>\n\n\n\n<p>Des heurts ont \u00e9clat\u00e9 vendredi \u00e0 Dakar et dans d\u2019autres localit\u00e9s du pays lors de manifestations de protestation contre un report du scrutin. Trois d\u00e9c\u00e8s ont au moins \u00e9t\u00e9 d\u00e9nombr\u00e9s dans des affrontements ayant oppos\u00e9 des manifestants \u00e0 des forces de l\u2019ordre.<\/p>\n\n\n\n<p>PD\/AKS<\/p>\n","protected":false},"excerpt":{"rendered":"<p>Dakar, 14 f\u00e9v (APS) \u2013 Des organisations de la soci\u00e9t\u00e9 civile regroup\u00e9es dans la plateforme \u2018\u2019Aar Sunu election\u2019\u2019 (prot\u00e9ger notre<\/p>\n","protected":false},"author":1,"featured_media":31290,"comment_status":"open","ping_status":"open","sticky":false,"template":"","format":"standard","meta":{"footnotes":""},"categories":[26],"tags":[],"class_list":["post-31289","post","type-post","status-publish","format-standard","has-post-thumbnail","hentry","category-fait-divers"],"_links":{"self":[{"href":"https:\/\/dekkbi.com\/index.php?rest_route=\/wp\/v2\/posts\/31289","targetHints":{"allow":["GET"]}}],"collection":[{"href":"https:\/\/dekkbi.com\/index.php?rest_route=\/wp\/v2\/posts"}],"about":[{"href":"https:\/\/dekkbi.com\/index.php?rest_route=\/wp\/v2\/types\/post"}],"author":[{"embeddable":true,"href":"https:\/\/dekkbi.com\/index.php?rest_route=\/wp\/v2\/users\/1"}],"replies":[{"embeddable":true,"href":"https:\/\/dekkbi.com\/index.php?rest_route=%2Fwp%2Fv2%2Fcomments&post=31289"}],"version-history":[{"count":1,"href":"https:\/\/dekkbi.com\/index.php?rest_route=\/wp\/v2\/posts\/31289\/revisions"}],"predecessor-version":[{"id":31291,"href":"https:\/\/dekkbi.com\/index.php?rest_route=\/wp\/v2\/posts\/31289\/revisions\/31291"}],"wp:featuredmedia":[{"embeddable":true,"href":"https:\/\/dekkbi.com\/index.php?rest_route=\/wp\/v2\/media\/31290"}],"wp:attachment":[{"href":"https:\/\/dekkbi.com\/index.php?rest_route=%2Fwp%2Fv2%2Fmedia&parent=31289"}],"wp:term":[{"taxonomy":"category","embeddable":true,"href":"https:\/\/dekkbi.com\/index.php?rest_route=%2Fwp%2Fv2%2Fcategories&post=31289"},{"taxonomy":"post_tag","embeddable":true,"href":"https:\/\/dekkbi.com\/index.php?rest_route=%2Fwp%2Fv2%2Ftags&post=31289"}],"curies":[{"name":"wp","href":"https:\/\/api.w.org\/{rel}","templated":true}]}}