{"id":31276,"date":"2024-02-14T09:56:13","date_gmt":"2024-02-14T09:56:13","guid":{"rendered":"https:\/\/dekkbi.com\/?p=31276"},"modified":"2024-02-14T16:45:00","modified_gmt":"2024-02-14T16:45:00","slug":"restrictions-dacces-a-internet-africtivistes-et-deux-journalistes-saisissent-la-cour-de-justice-de-la-cedeao","status":"publish","type":"post","link":"https:\/\/dekkbi.com\/?p=31276","title":{"rendered":"Restrictions Internet: \u201dAfricTivistes\u201d et deux journalistes saisissent la CEDEAO"},"content":{"rendered":"\n<p>Dakar, (APS) \u2013 L\u2019organisation panafricaine s\u00e9n\u00e9galaise de protection de la d\u00e9mocratie et des droits de l\u2019homme \u2018\u2019AfricTivistes\u2019\u2019 et les journalistes s\u00e9n\u00e9galais Moussa Ngom et Ayoba Faye annoncent avoir saisi la Cour de justice de la CEDEAO pour d\u00e9noncer les coupures d\u2019Internet par les autorit\u00e9s s\u00e9n\u00e9galaises en juin, juillet et ao\u00fbt 2023.<\/p>\n\n\n\n<p>Dans un communiqu\u00e9 de presse re\u00e7u, mardi, \u00e0 l\u2019APS, ils rappellent que le recours a \u00e9t\u00e9 d\u00e9pos\u00e9 le 31 janvier 2024 en collaboration avec \u2018\u2019M\u00e9dias defence\u2019\u2019 (Organisme international qui d\u00e9fend les journalistes contre les menaces juridiques qui violent le droit \u00e0 la libert\u00e9 d\u2019expression) et le \u2018\u2019Rule of law impact lab de la stanford lmaw school\u2019\u2019 en r\u00e9ponse aux restrictions impos\u00e9es par le S\u00e9n\u00e9gal sur Internet.<\/p>\n\n\n\n<p>Les plaignants expliquent que cette proc\u00e9dure vise \u00e0 obtenir des mesures provisoires pour \u201dprot\u00e9ger le public s\u00e9n\u00e9galais contre d\u2019autres potentielles coupures lors de la prochaine \u00e9lection pr\u00e9sidentielle pr\u00e9vue initialement le&nbsp; 25 f\u00e9vrier 2024 aujourd\u2019hui report\u00e9e au 15 d\u00e9cembre 2014\u201d.<\/p>\n\n\n\n<p>Pour les plaignants, \u2018\u2019ces coupures intempestives des donn\u00e9es mobiles d\u2019internet violent les droits \u00e0 la libert\u00e9 d\u2019expression ainsi que le droit des journalistes \u00e0 travailler\u2019\u2019. Elles \u00e9touffent \u201dde mani\u00e8re significative la libert\u00e9 des m\u00e9dias et la libert\u00e9 d\u2019expression au S\u00e9n\u00e9gal\u2019\u2019.<\/p>\n\n\n\n<p><em>\u2018<\/em>\u2019Le recours d\u00e9pos\u00e9 devant la Cour de justice de la Cedeao conteste les actions du gouvernement s\u00e9n\u00e9galais, mettant en avant l\u2019impact pr\u00e9judiciable sur la libert\u00e9 d\u2019expression, la libert\u00e9 des m\u00e9dias et le droit au travail\u2019\u2019, a d\u00e9clar\u00e9 le pr\u00e9sident \u2018\u2019AfricTivistes\u2019\u2019, Cheikh Fall<em>.<\/em><\/p>\n\n\n\n<p>Il souligne qu\u2019en p\u00e9riode d\u2019agitation politique, \u201dl\u2019acc\u00e8s \u00e0 l\u2019information est crucial, et les coupures d\u2019internet ne font qu\u2019approfondir les t\u00e9n\u00e8bres, entravant la circulation des informations vitales et mettant en danger la s\u00e9curit\u00e9 des citoyens\u2019\u2019.<\/p>\n\n\n\n<p>La requ\u00eate des plaignants rappelle que du 1er juin au 8 juin 2023, en r\u00e9ponse aux nombreuses manifestations contre la condamnation de l\u2019opposant Ousmane Sonko, le gouvernement s\u00e9n\u00e9galais a mis en \u0153uvre un blocage complet des principales plateformes de m\u00e9dias sociaux.<\/p>\n\n\n\n<p>Du 4 au 7 juin 2023, les services d\u2019internet mobile ont \u00e9t\u00e9 enti\u00e8rement suspendus dans plusieurs r\u00e9gions, signalent-ils.<\/p>\n\n\n\n<p>\u2018\u2019Les autorit\u00e9s s\u00e9n\u00e9galaises ont de nouveau restreint l\u2019acc\u00e8s \u00e0 Internet du 31 juillet au 7 ao\u00fbt, de 8h \u00e0 2h du matin. Bien que les donn\u00e9es mobiles aient finalement \u00e9t\u00e9 r\u00e9tablies le 7 ao\u00fbt 2023, TikTok, dont l\u2019acc\u00e8s avait \u00e9t\u00e9 restreint le 2 ao\u00fbt, reste inaccessible \u00e0 ce jour sans l\u2019utilisation d\u2019un r\u00e9seau priv\u00e9 virtuel (VPN)\u2019\u2019, soulignent les plaignants dans le document transmis.<\/p>\n\n\n\n<p>Ils d\u00e9noncent la nouvelle restriction de l\u2019acc\u00e8s \u00e0 l\u2019Internet mobile survenue les 4, 5 et 6 f\u00e9vrier et celle du 13 f\u00e9vrier o\u00f9 l\u2019internet des donn\u00e9es mobiles a \u00e9t\u00e9 suspendu \u201cselon certaines plages horaires non communiqu\u00e9es\u201d, selon \u2018\u2019AfricTivistes\u2019\u2019<\/p>\n\n\n\n<p>Les plaignants indiquent que \u2018\u201997% des internautes utilisent ce mode de connexion, selon un rapport de l\u2019autorit\u00e9 de r\u00e9gulation des t\u00e9l\u00e9communications et des postes (Artp)\u201d.<\/p>\n\n\n\n<p>Pour AfricTivistes, \u2018\u2019ceux qui d\u00e9pendent habituellement d\u2019Internet pour obtenir des informations sont laiss\u00e9s dans l\u2019ignorance. De plus, lors de la r\u00e9pression violente de certaines manifestations, le blocage d\u2019Internet a emp\u00each\u00e9 le partage d\u2019informations importantes sur les zones s\u00fbres et sur la mani\u00e8re de contacter les services d\u2019urgence\u2019\u2019.<\/p>\n\n\n\n<p>FKS\/OID<\/p>\n","protected":false},"excerpt":{"rendered":"<p>Dakar, (APS) \u2013 L\u2019organisation panafricaine s\u00e9n\u00e9galaise de protection de la d\u00e9mocratie et des droits de l\u2019homme \u2018\u2019AfricTivistes\u2019\u2019 et les journalistes<\/p>\n","protected":false},"author":1,"featured_media":31277,"comment_status":"open","ping_status":"open","sticky":false,"template":"","format":"standard","meta":{"footnotes":""},"categories":[21],"tags":[],"class_list":["post-31276","post","type-post","status-publish","format-standard","has-post-thumbnail","hentry","category-societe"],"_links":{"self":[{"href":"https:\/\/dekkbi.com\/index.php?rest_route=\/wp\/v2\/posts\/31276","targetHints":{"allow":["GET"]}}],"collection":[{"href":"https:\/\/dekkbi.com\/index.php?rest_route=\/wp\/v2\/posts"}],"about":[{"href":"https:\/\/dekkbi.com\/index.php?rest_route=\/wp\/v2\/types\/post"}],"author":[{"embeddable":true,"href":"https:\/\/dekkbi.com\/index.php?rest_route=\/wp\/v2\/users\/1"}],"replies":[{"embeddable":true,"href":"https:\/\/dekkbi.com\/index.php?rest_route=%2Fwp%2Fv2%2Fcomments&post=31276"}],"version-history":[{"count":5,"href":"https:\/\/dekkbi.com\/index.php?rest_route=\/wp\/v2\/posts\/31276\/revisions"}],"predecessor-version":[{"id":31321,"href":"https:\/\/dekkbi.com\/index.php?rest_route=\/wp\/v2\/posts\/31276\/revisions\/31321"}],"wp:featuredmedia":[{"embeddable":true,"href":"https:\/\/dekkbi.com\/index.php?rest_route=\/wp\/v2\/media\/31277"}],"wp:attachment":[{"href":"https:\/\/dekkbi.com\/index.php?rest_route=%2Fwp%2Fv2%2Fmedia&parent=31276"}],"wp:term":[{"taxonomy":"category","embeddable":true,"href":"https:\/\/dekkbi.com\/index.php?rest_route=%2Fwp%2Fv2%2Fcategories&post=31276"},{"taxonomy":"post_tag","embeddable":true,"href":"https:\/\/dekkbi.com\/index.php?rest_route=%2Fwp%2Fv2%2Ftags&post=31276"}],"curies":[{"name":"wp","href":"https:\/\/api.w.org\/{rel}","templated":true}]}}