{"id":31239,"date":"2024-02-13T13:01:12","date_gmt":"2024-02-13T13:01:12","guid":{"rendered":"https:\/\/dekkbi.com\/?p=31239"},"modified":"2024-02-13T13:09:07","modified_gmt":"2024-02-13T13:09:07","slug":"senegal-la-marche-contre-le-report-de-la-presidentielle-repoussee-suite-a-son-interdiction","status":"publish","type":"post","link":"https:\/\/dekkbi.com\/?p=31239","title":{"rendered":"La marche contre le report de la pr\u00e9sidentielle repouss\u00e9e"},"content":{"rendered":"\n<p>Au S\u00e9n\u00e9gal, plus d\u2019une semaine apr\u00e8s la d\u00e9cision de reporter la pr\u00e9sidentielle du 25\u00a0f\u00e9vrier au 15\u00a0d\u00e9cembre 2024, le bras de fer entre les autorit\u00e9s et les opposants \u00e0 ce report se poursuit. Alors qu\u2019une grande marche \u00e9tait pr\u00e9vue par la soci\u00e9t\u00e9 civile ce 12 f\u00e9vrier \u00e0 Dakar, le pr\u00e9fet de la capitale l\u2019a interdite, poussant les organisateurs \u00e0 repousser cette manifestation contre le report de derni\u00e8re minute du scrutin et la prolongation du mandat du chef de l&rsquo;\u00c9tat.<\/p>\n\n\n\n<p><em>Avec <strong>L\u00e9a-Lisa Westerhoff<\/strong><\/em> <em>correspondante RFI \u00e0 Dakar,\u00a0<\/em><\/p>\n\n\n\n<p>\u00ab&nbsp;<em>Nous voulons rester dans la l\u00e9galit\u00e9<\/em>&nbsp;\u00bb et \u00ab&nbsp;<em>\u00e9viter toute violence<\/em>&nbsp;\u00bb, insistent les organisateurs pour justifier cette d\u00e9cision de reporter leur marche silencieuse.<\/p>\n\n\n\n<p>Car les derni\u00e8res tentatives de rassemblement se sont sold\u00e9es par des \u00e9checs, voire transform\u00e9es en affrontements avec les forces de l\u2019ordre qui dispersent le moindre attroupement \u00e0 coups de gaz lacrymog\u00e8nes faisant m\u00eame trois morts par balles depuis le 9 f\u00e9vrier.<\/p>\n\n\n\n<p>Jusque tard dans la nuit, et ce matin encore, les membres de cette plateforme \u00ab&nbsp;Prot\u00e9geons notre \u00e9lection&nbsp;\u00bb, une cinquantaine d\u2019organisations de la soci\u00e9t\u00e9 civile, ont tent\u00e9 d\u2019obtenir un accord du pr\u00e9fet autour d\u2019un nouvel itin\u00e9raire, pour annoncer une nouvelle date de mobilisation.<\/p>\n\n\n\n<p>Officiellement, la pr\u00e9fecture a interdit la manifestation parce qu\u2019elle risquait de perturber la circulation. Mais, en parall\u00e8le, selon plusieurs sources, des discussions sont en cours, entre les autorit\u00e9s et certains acteurs politiques autour de possibles mesures d\u2019apaisement. Un timing qui pourrait expliquer cette nouvelle interdiction de manifester, selon les organisateurs de cette marche.<\/p>\n\n\n\n<p>Car, depuis quelques jours, le pouvoir tente une d\u00e9crispation. Le signal de la t\u00e9l\u00e9vision priv\u00e9e walf tv a \u00e9t\u00e9 r\u00e9tabli et, le 12 f\u00e9vrier, les deux anciens pr\u00e9sidents du S\u00e9n\u00e9gal avant Macky Sall, Abdou Diouf et Abdoulaye Wade, ont appel\u00e9 au calme et au dialogue dans une d\u00e9claration commune.<\/p>\n\n\n\n<p>\u00ab&nbsp;Nous n\u2019avons rien contre des mesures d\u2019apaisement, r\u00e9pond la plateforme \u00ab&nbsp;Prot\u00e9geons notre \u00e9lection&nbsp;\u00bb. Mais, pour eux, la ligne rouge reste la m\u00eame&nbsp;: il faut une pr\u00e9sidentielle au plus tard le 2 avril, date de la fin du mandat du pr\u00e9sident Macky Sall.<\/p>\n\n\n\n<p><\/p>\n","protected":false},"excerpt":{"rendered":"<p>Au S\u00e9n\u00e9gal, plus d\u2019une semaine apr\u00e8s la d\u00e9cision de reporter la pr\u00e9sidentielle du 25\u00a0f\u00e9vrier au 15\u00a0d\u00e9cembre 2024, le bras de<\/p>\n","protected":false},"author":1,"featured_media":30983,"comment_status":"open","ping_status":"open","sticky":false,"template":"","format":"standard","meta":{"footnotes":""},"categories":[21],"tags":[],"class_list":["post-31239","post","type-post","status-publish","format-standard","has-post-thumbnail","hentry","category-societe"],"_links":{"self":[{"href":"https:\/\/dekkbi.com\/index.php?rest_route=\/wp\/v2\/posts\/31239","targetHints":{"allow":["GET"]}}],"collection":[{"href":"https:\/\/dekkbi.com\/index.php?rest_route=\/wp\/v2\/posts"}],"about":[{"href":"https:\/\/dekkbi.com\/index.php?rest_route=\/wp\/v2\/types\/post"}],"author":[{"embeddable":true,"href":"https:\/\/dekkbi.com\/index.php?rest_route=\/wp\/v2\/users\/1"}],"replies":[{"embeddable":true,"href":"https:\/\/dekkbi.com\/index.php?rest_route=%2Fwp%2Fv2%2Fcomments&post=31239"}],"version-history":[{"count":2,"href":"https:\/\/dekkbi.com\/index.php?rest_route=\/wp\/v2\/posts\/31239\/revisions"}],"predecessor-version":[{"id":31242,"href":"https:\/\/dekkbi.com\/index.php?rest_route=\/wp\/v2\/posts\/31239\/revisions\/31242"}],"wp:featuredmedia":[{"embeddable":true,"href":"https:\/\/dekkbi.com\/index.php?rest_route=\/wp\/v2\/media\/30983"}],"wp:attachment":[{"href":"https:\/\/dekkbi.com\/index.php?rest_route=%2Fwp%2Fv2%2Fmedia&parent=31239"}],"wp:term":[{"taxonomy":"category","embeddable":true,"href":"https:\/\/dekkbi.com\/index.php?rest_route=%2Fwp%2Fv2%2Fcategories&post=31239"},{"taxonomy":"post_tag","embeddable":true,"href":"https:\/\/dekkbi.com\/index.php?rest_route=%2Fwp%2Fv2%2Ftags&post=31239"}],"curies":[{"name":"wp","href":"https:\/\/api.w.org\/{rel}","templated":true}]}}