{"id":31231,"date":"2024-02-13T12:53:18","date_gmt":"2024-02-13T12:53:18","guid":{"rendered":"https:\/\/dekkbi.com\/?p=31231"},"modified":"2024-02-13T12:56:47","modified_gmt":"2024-02-13T12:56:47","slug":"biden-desoriente-lors-dune-allocution-commune-avec-le-roi-de-jordanie-le-monde-se-moque-des-etats-unis","status":"publish","type":"post","link":"https:\/\/dekkbi.com\/?p=31231","title":{"rendered":"Allocution: Biden d\u00e9sorient\u00e9"},"content":{"rendered":"\n<p>Le pr\u00e9sident am\u00e9ricain Joe Biden est apparu bri\u00e8vement d\u00e9sorient\u00e9 lors d\u2019une allocution commune avec le roi de Jordanie, lundi soir \u00e0 la Maison Blanche. Une s\u00e9quence qui n\u2019a pas manqu\u00e9 de faire r\u00e9agir les opposants politiques du d\u00e9mocrate de 81 ans. \u201cLe monde se moque des \u00c9tats-Unis\u201d, a \u00e9crit le fils de Rudy Giuliani, ancien conseiller de Donald Trump, sur X.<\/p>\n\n\n\n<p>Joe Biden est dans la tourmente depuis plusieurs jours. La raison?\u00a0Le pr\u00e9sident des \u00c9tats-Unis a encha\u00een\u00e9 les bourdes, avant d\u2019\u00eatre vis\u00e9 par\u00a0un rapport \u00e0 l\u2019effet d\u00e9vastateur\u00a0qui l\u2019a d\u00e9crit comme un \u201chomme \u00e2g\u00e9 avec une mauvaise m\u00e9moire\u201d. Et une nouvelle s\u00e9quence lors de son allocution commune avec le roi de Jordanie lundi ne va pas arranger ses affaires.<\/p>\n\n\n\n<p>Au moment o\u00f9 le d\u00e9mocrate am\u00e9ricain a termin\u00e9 de s\u2019adresser \u00e0 la presse rassembl\u00e9e \u00e0 la Maison Blanche, il a laiss\u00e9 la place au roi Abdallah II. Mais avant m\u00eame que le monarque ne prenne la parole, le pr\u00e9sident am\u00e9ricain est apparu confus, cherchant pendant un petit moment l\u2019endroit o\u00f9 il devait se placer. \u201cJ\u2019ai \u00e9chang\u00e9 ma place avec la v\u00f4tre\u201d, a lanc\u00e9 Biden au roi jordanien.<\/p>\n\n\n\n<p>Les images sont rapidement devenues virales sur les r\u00e9seaux sociaux. Ce bref incident a \u00e9videmment apport\u00e9 de l\u2019eau au moulin des opposants politiques de Joe Biden. \u201cLe monde se moque des \u00c9tats-Unis\u201d, a post\u00e9 le fils de Rudy Giuliani, ancien conseiller de Donald Trump.<\/p>\n\n\n\n<h2 class=\"wp-block-heading\">Le roi de Jordanie veut un cessez-le-feu, Biden continue \u00e0 parler de pause<\/h2>\n\n\n\n<p>Durant leur allocution commune, le roi Abdallah II a r\u00e9clam\u00e9 un \u201ccessez-le-feu durable imm\u00e9diatement\u201d \u00e0 Gaza, alors que Joe Biden a pr\u00e9f\u00e9r\u00e9 \u00e9voquer une pause \u201cd\u2019au moins six semaines\u201d dans le cadre d\u2019un accord, qui reste \u00e0 trouver, sur la lib\u00e9ration des otages encore d\u00e9tenus dans l\u2019enclave.<\/p>\n\n\n\n<p>Le pr\u00e9sident am\u00e9ricain, lui, rejette toujours cette id\u00e9e d\u2019une cessation des hostilit\u00e9s sans conditions et \u00e0 dur\u00e9e ind\u00e9termin\u00e9e. \u201cLes \u00c9tats-Unis travaillent \u00e0 un accord de lib\u00e9ration des otages entre Isra\u00ebl et le Hamas, qui am\u00e8nerait imm\u00e9diatement une p\u00e9riode de calme d\u2019au moins six semaines \u00e0 Gaza\u201d, pouvant d\u00e9boucher sur \u201cquelque chose de plus durable\u201d, a dit le d\u00e9mocrate de 81 ans.<\/p>\n\n\n\n<h2 class=\"wp-block-heading\">Rafah<\/h2>\n\n\n\n<p>Les deux dirigeants ont par ailleurs chacun \u00e9voqu\u00e9 la situation de Rafah, ville du sud de la bande de Gaza qui est le prochain objectif militaire affich\u00e9 d\u2019Isra\u00ebl, en termes un peu diff\u00e9rents. \u201cNous ne pouvons pas nous permettre une attaque isra\u00e9lienne sur Rafah\u201d, a dit Abdallah II, ajoutant que \u201cla situation \u00e9tait d\u00e9j\u00e0 insupportable pour plus d\u2019un million de personnes qui ont \u00e9t\u00e9 pouss\u00e9es vers (cette ville frontali\u00e8re avec l\u2019\u00c9gypte) depuis que la guerre a commenc\u00e9\u201d.<\/p>\n\n\n\n<p>Joe Biden n\u2019a lui pas demand\u00e9 \u00e0 Isra\u00ebl de renoncer purement et simplement \u00e0 toute attaque, mais\u00a0a insist\u00e9 sur le fait qu\u2019il \u201cfallait prot\u00e9ger les civils.\u201d\u00a0R\u00e9p\u00e9tant la position d\u00e9j\u00e0 exprim\u00e9e \u00e0 plusieurs reprises par l\u2019administration am\u00e9ricaine, le pr\u00e9sident a r\u00e9clam\u00e9, de la part des forces isra\u00e9liennes, un plan \u201ccr\u00e9dible\u201d pour \u00e9pargner la population civile, en pr\u00e9alable \u00e0 toute offensive.<\/p>\n\n\n\n<h2 class=\"wp-block-heading\">\u00c9tat palestinien<\/h2>\n\n\n\n<p>Le souverain et le pr\u00e9sident se sont retrouv\u00e9s sur l\u2019appel \u00e0 instaurer \u00e0 long terme un \u00c9tat palestinien. \u201cC\u2019est la seule voie pour assurer \u00e0 long terme la s\u00e9curit\u00e9 d\u2019Isra\u00ebl\u201d, a plaid\u00e9 Joe Biden.<\/p>\n\n\n\n<p>Abdallah II a lui appel\u00e9 de ses v\u0153ux \u201cun \u00c9tat palestinien ind\u00e9pendant, souverain et viable, ayant J\u00e9rusalem-Est pour capitale, mais cohabitant avec Isra\u00ebl dans la paix et la s\u00e9curit\u00e9.\u201d \u201cC\u2019est la seule solution qui garantira la paix et la s\u00e9curit\u00e9 pour les Palestiniens et les Isra\u00e9liens ainsi que toute la r\u00e9gion\u201d, a-t-il d\u00e9clar\u00e9.<\/p>\n\n\n\n<h2 class=\"wp-block-heading\">Biden agac\u00e9<\/h2>\n\n\n\n<p>Washington, premier alli\u00e9 d\u2019Isra\u00ebl, laisse transpara\u00eetre de plus en plus nettement son agacement face au gouvernement de Benjamin Netanyahu, en particulier en ce qui concerne Rafah. Interrog\u00e9 pour savoir si le Premier ministre isra\u00e9lien \u00e9coutait ses conseils, Joe Biden a r\u00e9pondu sur le ton de l\u2019humour: \u201cTout le monde le fait.\u201d<\/p>\n\n\n\n<p>Mais la cha\u00eene NBC rapporte qu\u2019en priv\u00e9, le pr\u00e9sident am\u00e9ricain laisse \u00e9clater sa frustration envers le dirigeant isra\u00e9lien, y compris avec des jurons. Son administration rejette toutefois, jusqu\u2019ici, l\u2019id\u00e9e de conditionner l\u2019aide militaire importante des \u00c9tats-Unis \u00e0 de quelconques engagements, ou objectifs en mati\u00e8re de protection des civils palestiniens.<\/p>\n\n\n\n<h2 class=\"wp-block-heading\">7 octobre<\/h2>\n\n\n\n<p>La guerre entre Isra\u00ebl et le Hamas a \u00e9t\u00e9 d\u00e9clench\u00e9e le 7 octobre quand des commandos du mouvement palestinien infiltr\u00e9s depuis la bande de Gaza, o\u00f9 le mouvement a pris le pouvoir en 2007, ont men\u00e9 dans le sud d\u2019Isra\u00ebl une attaque qui a entra\u00een\u00e9 la mort de plus de 1.160 personnes, en majorit\u00e9 des civils, selon un d\u00e9compte de l\u2019AFP r\u00e9alis\u00e9 \u00e0 partir de donn\u00e9es officielles isra\u00e9liennes.<\/p>\n\n\n\n<p>En repr\u00e9sailles, Isra\u00ebl, qui consid\u00e8re le Hamas comme une organisation terroriste, tout comme les Etats-Unis et l\u2019Union europ\u00e9enne, a jur\u00e9 de \u201cd\u00e9truire\u201d ce groupe et a lanc\u00e9 une offensive qui a fait au moins 28.340 morts dans le territoire palestinien, en grande majorit\u00e9 des femmes, enfants et adolescents, selon le dernier bilan du minist\u00e8re de la Sant\u00e9 du Hamas.<\/p>\n\n\n\n<p>Isra\u00ebl estime \u00e0 environ 130 le nombre d\u2019otages toujours d\u00e9tenus \u00e0 Gaza, dont 29 seraient morts, sur environ 250 personnes enlev\u00e9es en Isra\u00ebl le 7 octobre.<\/p>\n","protected":false},"excerpt":{"rendered":"<p>Le pr\u00e9sident am\u00e9ricain Joe Biden est apparu bri\u00e8vement d\u00e9sorient\u00e9 lors d\u2019une allocution commune avec le roi de Jordanie, lundi soir<\/p>\n","protected":false},"author":1,"featured_media":31232,"comment_status":"open","ping_status":"open","sticky":false,"template":"","format":"standard","meta":{"footnotes":""},"categories":[51],"tags":[],"class_list":["post-31231","post","type-post","status-publish","format-standard","has-post-thumbnail","hentry","category-general"],"_links":{"self":[{"href":"https:\/\/dekkbi.com\/index.php?rest_route=\/wp\/v2\/posts\/31231","targetHints":{"allow":["GET"]}}],"collection":[{"href":"https:\/\/dekkbi.com\/index.php?rest_route=\/wp\/v2\/posts"}],"about":[{"href":"https:\/\/dekkbi.com\/index.php?rest_route=\/wp\/v2\/types\/post"}],"author":[{"embeddable":true,"href":"https:\/\/dekkbi.com\/index.php?rest_route=\/wp\/v2\/users\/1"}],"replies":[{"embeddable":true,"href":"https:\/\/dekkbi.com\/index.php?rest_route=%2Fwp%2Fv2%2Fcomments&post=31231"}],"version-history":[{"count":3,"href":"https:\/\/dekkbi.com\/index.php?rest_route=\/wp\/v2\/posts\/31231\/revisions"}],"predecessor-version":[{"id":31236,"href":"https:\/\/dekkbi.com\/index.php?rest_route=\/wp\/v2\/posts\/31231\/revisions\/31236"}],"wp:featuredmedia":[{"embeddable":true,"href":"https:\/\/dekkbi.com\/index.php?rest_route=\/wp\/v2\/media\/31232"}],"wp:attachment":[{"href":"https:\/\/dekkbi.com\/index.php?rest_route=%2Fwp%2Fv2%2Fmedia&parent=31231"}],"wp:term":[{"taxonomy":"category","embeddable":true,"href":"https:\/\/dekkbi.com\/index.php?rest_route=%2Fwp%2Fv2%2Fcategories&post=31231"},{"taxonomy":"post_tag","embeddable":true,"href":"https:\/\/dekkbi.com\/index.php?rest_route=%2Fwp%2Fv2%2Ftags&post=31231"}],"curies":[{"name":"wp","href":"https:\/\/api.w.org\/{rel}","templated":true}]}}