{"id":31207,"date":"2024-02-13T12:20:39","date_gmt":"2024-02-13T12:20:39","guid":{"rendered":"https:\/\/dekkbi.com\/?p=31207"},"modified":"2024-02-13T12:20:40","modified_gmt":"2024-02-13T12:20:40","slug":"internet-des-donnees-mobiles-encore-suspendu","status":"publish","type":"post","link":"https:\/\/dekkbi.com\/?p=31207","title":{"rendered":"Internet des donn\u00e9es mobiles encore suspendu"},"content":{"rendered":"\n<p>Alors que la pr\u00e9fecture a interdit la marche silencieuse de \u00abAar Sunu \u00e9lection\u00bb, le minist\u00e8re de la communication vient d\u2019annoncer la suspension de l\u2019internet des donn\u00e9es mobiles.<\/p>\n\n\n\n<p>Encore une suspension de l\u2019internet des donn\u00e9es mobiles au S\u00e9n\u00e9gal. La d\u00e9cision vient d\u2019\u00eatre annonc\u00e9e par le minist\u00e8re de la communication, des T\u00e9l\u00e9communications et du Num\u00e9rique.<\/p>\n\n\n\n<p> \u00abEn raison de la diffusion sur les r\u00e9seaux sociaux de plusieurs messages haineux et subversifs qui ont d\u00e9j\u00e0 provoqu\u00e9s des manifestations violentes avec des d\u00e9c\u00e8s et des d\u00e9g\u00e2ts mat\u00e9riels importants, l&rsquo;internet des donn\u00e9es mobiles est suspendu ce mardi 13 f\u00e9vrier 2024 selon certaines plages horaires\u00bb, a indiqu\u00e9 le minist\u00e8re dans son communiqu\u00e9 de presse. Les op\u00e9rateurs de t\u00e9l\u00e9phonie sont tenus de se conformer aux r\u00e9quisitions notifi\u00e9es, dit-il.<\/p>\n\n\n\n<p>SOURCE IGFM<\/p>\n","protected":false},"excerpt":{"rendered":"<p>Alors que la pr\u00e9fecture a interdit la marche silencieuse de \u00abAar Sunu \u00e9lection\u00bb, le minist\u00e8re de la communication vient d\u2019annoncer<\/p>\n","protected":false},"author":1,"featured_media":8646,"comment_status":"open","ping_status":"open","sticky":false,"template":"","format":"standard","meta":{"footnotes":""},"categories":[26],"tags":[],"class_list":["post-31207","post","type-post","status-publish","format-standard","has-post-thumbnail","hentry","category-fait-divers"],"_links":{"self":[{"href":"https:\/\/dekkbi.com\/index.php?rest_route=\/wp\/v2\/posts\/31207","targetHints":{"allow":["GET"]}}],"collection":[{"href":"https:\/\/dekkbi.com\/index.php?rest_route=\/wp\/v2\/posts"}],"about":[{"href":"https:\/\/dekkbi.com\/index.php?rest_route=\/wp\/v2\/types\/post"}],"author":[{"embeddable":true,"href":"https:\/\/dekkbi.com\/index.php?rest_route=\/wp\/v2\/users\/1"}],"replies":[{"embeddable":true,"href":"https:\/\/dekkbi.com\/index.php?rest_route=%2Fwp%2Fv2%2Fcomments&post=31207"}],"version-history":[{"count":1,"href":"https:\/\/dekkbi.com\/index.php?rest_route=\/wp\/v2\/posts\/31207\/revisions"}],"predecessor-version":[{"id":31208,"href":"https:\/\/dekkbi.com\/index.php?rest_route=\/wp\/v2\/posts\/31207\/revisions\/31208"}],"wp:featuredmedia":[{"embeddable":true,"href":"https:\/\/dekkbi.com\/index.php?rest_route=\/wp\/v2\/media\/8646"}],"wp:attachment":[{"href":"https:\/\/dekkbi.com\/index.php?rest_route=%2Fwp%2Fv2%2Fmedia&parent=31207"}],"wp:term":[{"taxonomy":"category","embeddable":true,"href":"https:\/\/dekkbi.com\/index.php?rest_route=%2Fwp%2Fv2%2Fcategories&post=31207"},{"taxonomy":"post_tag","embeddable":true,"href":"https:\/\/dekkbi.com\/index.php?rest_route=%2Fwp%2Fv2%2Ftags&post=31207"}],"curies":[{"name":"wp","href":"https:\/\/api.w.org\/{rel}","templated":true}]}}