{"id":3117,"date":"2022-11-11T10:23:08","date_gmt":"2022-11-11T10:23:08","guid":{"rendered":"https:\/\/dekkbi.com\/?p=3117"},"modified":"2022-11-11T10:23:09","modified_gmt":"2022-11-11T10:23:09","slug":"le-soudan-renvoie-el-bechir-en-prison-et-durcit-le-ton-contre-les-islamistes","status":"publish","type":"post","link":"https:\/\/dekkbi.com\/?p=3117","title":{"rendered":"Le Soudan renvoie el-B\u00e9chir en prison et durcit le ton contre les islamistes"},"content":{"rendered":"\n<p>Alors qu\u2019il avait \u00e9t\u00e9 discr\u00e8tement transf\u00e9r\u00e9, pour \u00ab\u00a0<em>raisons de sant\u00e9<\/em>\u00a0\u00bb, dans un h\u00f4pital priv\u00e9 de Khartoum apr\u00e8s le putsch du g\u00e9n\u00e9ral Abdel Fattah al-Burhan en octobre 2021, l\u2019ex-leader soudanais Omar el-B\u00e9chir doit retourner en prison selon une d\u00e9cision des autorit\u00e9s judiciaires de mercredi 9 novembre. Sous pression, la junte soudanaise semble vouloir durcir le ton contre l\u2019ancien r\u00e9gime islamiste, en pleine n\u00e9gociation avec de partis civils pour une sortie de crise politique.<\/p>\n\n\n\n<p><em>Avec notre correspondant \u00e0 Khartoum,<\/em>\u00a0<strong>Eliott Brachet<\/strong> &#8211; RFI<\/p>\n\n\n\n<p>Depuis une dizaine de mois, Omar el-B\u00e9chir ne comparaissait plus devant le tribunal charg\u00e9 de juger les commanditaires du coup d&rsquo;\u00c9tat de 1989. C\u2019est \u00e0 cette date que le colonel, soutenu par le mouvement islamiste soudanais, s\u2019\u00e9tait empar\u00e9 du pouvoir et a ensuite r\u00e9gn\u00e9 avec une main de fer pendant 30 ans.<\/p>\n\n\n\n<p>Sous pr\u00e9texte de d\u00e9gradation de son \u00e9tat de sant\u00e9, ses avocats avaient finalement obtenu son transfert \u00e0 l\u2019h\u00f4pital al-Alya, un \u00e9tablissement priv\u00e9 de l\u2019arm\u00e9e soudanaise. Cela apr\u00e8s avoir \u00e9t\u00e9 incarc\u00e9r\u00e9 \u00e0 sa destitution par l&rsquo;arm\u00e9e,&nbsp;en avril 2019.<\/p>\n\n\n\n<p>Les avocats des parties civiles avaient alors d\u00e9nonc\u00e9 un \u00ab\u00a0<em>rapport m\u00e9dical falsifi\u00e9<\/em>\u00a0\u00bb, car plusieurs\u00a0<strong>vid\u00e9os devenues virales montraient Omar el-B\u00e9chir en bonne sant\u00e9\u00a0<\/strong>dans les couloirs de l\u2019h\u00f4pital. Son retour en prison \u00ab\u00a0<em>est une juste d\u00e9cision<\/em>\u00a0\u00bb, se f\u00e9licite l\u2019avocat Moez Hazrat qui esp\u00e8re que les audiences en pr\u00e9sence du principal accus\u00e9 vont pouvoir reprendre.<\/p>\n\n\n\n<p>Il y retourne en compagnie de plusieurs cadres du r\u00e9gime islamiste, notamment l&rsquo;ancien vice-pr\u00e9sident Bakri Hassan Saleh,\u00a0<strong>l&rsquo;ancien ministre de l&rsquo;Int\u00e9rieur et chef du parti du Congr\u00e8s populaire Ali al-Haj<\/strong>\u00a0ainsi qu&rsquo;un autre leader islamiste, Ibrahim al-Sanosi.<\/p>\n\n\n\n<p>Cette d\u00e9cision fait suite au discours du g\u00e9n\u00e9ral al-Burhan dimanche 6\u00a0novembre qui a frontalement tacl\u00e9 les partisans du r\u00e9gime islamiste, les mettant en garde contre toute tentative d&rsquo;utiliser l&rsquo;arm\u00e9e pour revenir au pouvoir.<\/p>\n\n\n\n<h2 class=\"wp-block-heading\">Tour de vis en vue d&rsquo;une sortie de crise politique&nbsp;?<\/h2>\n\n\n\n<p>\u00ab&nbsp;<em>Est-ce la fin de la lune de miel entre les islamistes et l\u2019arm\u00e9e soudanaise<\/em>&nbsp;<em>?<\/em>&nbsp;\u00bb, s\u2019interrogeait jeudi 10 novembre le journal&nbsp;<em>Sudan Tribune<\/em>. Beaucoup de Soudanais sont sceptiques alors que depuis un an, la junte a r\u00e9habilit\u00e9 de nombreux partisans de l\u2019ancien r\u00e9gime, dans les administrations notamment.<\/p>\n\n\n\n<p>Mais ces jours-ci, les militaires tentent de faire bonne figure. Un an apr\u00e8s le putsch, l\u2019arm\u00e9e n\u00e9gocie avec une coalition de partis civils, sous pression des chancelleries occidentales et r\u00e9gionales&nbsp;: un accord est proche, indiquent de nombreuses sources. Reste \u00e0 savoir quelles seront les conditions pr\u00e9cises du retrait des militaires de la sc\u00e8ne politique.<\/p>\n\n\n\n<p>Le pays est plong\u00e9 dans l\u2019impasse,\u00a0<strong>une \u00e9conomie au bord du gouffre<\/strong>, sans gouvernement depuis un an et face \u00e0 une situation s\u00e9curitaire qui se d\u00e9grade dans plusieurs r\u00e9gions du pays. Et dans les rues du Soudan, la pression contre la junte se poursuit\u00a0: des nouvelles manifestations ont eu lieu jeudi 10\u00a0novembre dans les grandes villes du pays.<\/p>\n","protected":false},"excerpt":{"rendered":"<p>Alors qu\u2019il avait \u00e9t\u00e9 discr\u00e8tement transf\u00e9r\u00e9, pour \u00ab\u00a0raisons de sant\u00e9\u00a0\u00bb, dans un h\u00f4pital priv\u00e9 de Khartoum apr\u00e8s le putsch du<\/p>\n","protected":false},"author":1,"featured_media":3118,"comment_status":"open","ping_status":"open","sticky":false,"template":"","format":"standard","meta":{"footnotes":""},"categories":[26],"tags":[],"class_list":["post-3117","post","type-post","status-publish","format-standard","has-post-thumbnail","hentry","category-fait-divers"],"_links":{"self":[{"href":"https:\/\/dekkbi.com\/index.php?rest_route=\/wp\/v2\/posts\/3117","targetHints":{"allow":["GET"]}}],"collection":[{"href":"https:\/\/dekkbi.com\/index.php?rest_route=\/wp\/v2\/posts"}],"about":[{"href":"https:\/\/dekkbi.com\/index.php?rest_route=\/wp\/v2\/types\/post"}],"author":[{"embeddable":true,"href":"https:\/\/dekkbi.com\/index.php?rest_route=\/wp\/v2\/users\/1"}],"replies":[{"embeddable":true,"href":"https:\/\/dekkbi.com\/index.php?rest_route=%2Fwp%2Fv2%2Fcomments&post=3117"}],"version-history":[{"count":1,"href":"https:\/\/dekkbi.com\/index.php?rest_route=\/wp\/v2\/posts\/3117\/revisions"}],"predecessor-version":[{"id":3119,"href":"https:\/\/dekkbi.com\/index.php?rest_route=\/wp\/v2\/posts\/3117\/revisions\/3119"}],"wp:featuredmedia":[{"embeddable":true,"href":"https:\/\/dekkbi.com\/index.php?rest_route=\/wp\/v2\/media\/3118"}],"wp:attachment":[{"href":"https:\/\/dekkbi.com\/index.php?rest_route=%2Fwp%2Fv2%2Fmedia&parent=3117"}],"wp:term":[{"taxonomy":"category","embeddable":true,"href":"https:\/\/dekkbi.com\/index.php?rest_route=%2Fwp%2Fv2%2Fcategories&post=3117"},{"taxonomy":"post_tag","embeddable":true,"href":"https:\/\/dekkbi.com\/index.php?rest_route=%2Fwp%2Fv2%2Ftags&post=3117"}],"curies":[{"name":"wp","href":"https:\/\/api.w.org\/{rel}","templated":true}]}}