{"id":31168,"date":"2024-02-13T09:17:38","date_gmt":"2024-02-13T09:17:38","guid":{"rendered":"https:\/\/dekkbi.com\/?p=31168"},"modified":"2024-02-13T09:17:39","modified_gmt":"2024-02-13T09:17:39","slug":"les-presidents-diouf-et-wade-invitent-la-classe-politique-et-la-societe-civile-a-participer-au-dialogue-national","status":"publish","type":"post","link":"https:\/\/dekkbi.com\/?p=31168","title":{"rendered":"Les pr\u00e9sidents Diouf et Wade invitent la classe politique et la soci\u00e9t\u00e9 civile \u00e0 participer au dialogue national"},"content":{"rendered":"\n<p>Dakar, 12 fev (APS) \u2013 Les anciens pr\u00e9sidents Abdou Diouf et Abdoulaye Wade invitent l\u2019ensemble de la classe politique ainsi que la soci\u00e9t\u00e9 civile \u00e0 participer au dialogue national lanc\u00e9 par le chef de l\u2019Etat, Macky Sall pour \u201ddes discussions franches et loyales\u201d afin que \u201dla prochaine \u00e9lection pr\u00e9sidentielle du 15 d\u00e9cembre 2024 soit tenue dans des conditions parfaitement transparentes, inclusives et incontestables\u201d.<\/p>\n\n\n\n<p>\u201dNous appelons l\u2019ensemble des dirigeants politiques, du pouvoir et de l\u2019opposition, ainsi que les responsables de la soci\u00e9t\u00e9 civile, \u00e0 participer \u00e0 des discussions franches et loyales, afin que la prochaine \u00e9lection pr\u00e9sidentielle du 15 d\u00e9cembre 2024 soit tenue dans des conditions parfaitement transparentes, inclusives et incontestables. Ils ont le devoir de garantir que notre S\u00e9n\u00e9gal restera un mod\u00e8le de d\u00e9mocratie pour l\u2019Afrique\u2019\u2019, d\u00e9clarent Abdou Diouf et Abdoulaye Wade.<\/p>\n\n\n\n<p>Dans une d\u00e9claration conjointe rendue publique, lundi,&nbsp;adress\u00e9e \u00e0 leurs \u201dcompatriotes\u201d, les deux anciens dirigeants soulignent que \u2018\u2019c\u2019est avec beaucoup de tristesse\u2019\u2019 qu\u2019ils vivent \u2018\u2019 les r\u00e9cents \u00e9v\u00e9nements qui secouent notre cher S\u00e9n\u00e9gal\u2019\u2019 marqu\u00e9s par la mort de trois jeunes \u00e0 Saint-Louis, Dakar et Ziguinchor.<\/p>\n\n\n\n<p>Abdou Diouf et Abdoulaye Wade pr\u00e9sentent leurs \u2018\u2019plus sinc\u00e8res condol\u00e9ances\u201d aux familles et proches des victimes.<\/p>\n\n\n\n<p>Ils d\u00e9clarent s\u2019adresser \u00e0 leurs compatriotes \u2018\u2019en tant qu\u2019anciens Pr\u00e9sidents de la R\u00e9publique du S\u00e9n\u00e9gal, p\u00e8res, avec L\u00e9opold S\u00e9dar Senghor, de la d\u00e9mocratie s\u00e9n\u00e9galaise obtenue de haute lutte, mais aussi anciens irr\u00e9ductibles adversaires politiques qui nous sommes vigoureusement oppos\u00e9s par le pass\u00e9\u2019\u2019<\/p>\n\n\n\n<p>\u201dNous avons su discuter et dialoguer dans l\u2019int\u00e9r\u00eat du S\u00e9n\u00e9gal pour mettre un terme \u00e0 nos diff\u00e9rends et aux crises politiques, et cela dans le seul but de pr\u00e9server la paix et les vies\u2019\u2019, soulignent-ils.<\/p>\n\n\n\n<p>Ils estiment que les responsables de la classe politique actuels n\u2019ont pas \u2018\u2019le droit de faire moins\u2019\u2019 qu\u2019eux.<\/p>\n\n\n\n<p>Diouf et Wade appellent \u00e0 la jeunesse dont ils disent comprendre \u2018\u2019les frustrations et le d\u00e9sarroi, \u00e0 arr\u00eater imm\u00e9diatement les violences et la destruction de biens, et surtout \u00e0 prendre du recul pour ne pas \u00eatre manipul\u00e9e par des forces ext\u00e9rieures aux desseins obscurs\u2019\u2019.<\/p>\n\n\n\n<p>Ils disent \u00e9galement s\u2019\u00eatre entretenus \u2018\u2019longuement au t\u00e9l\u00e9phone avec le Pr\u00e9sident de la R\u00e9publique, Macky Sall\u2019\u2019 qui leur a r\u00e9affirm\u00e9 \u2018\u2019son engagement, pris devant la Nation le 3 juillet dernier, de ne pas briguer un troisi\u00e8me mandat et de quitter le pouvoir aussit\u00f4t apr\u00e8s l\u2019\u00e9lection pr\u00e9sidentielle\u2019\u2019.<\/p>\n\n\n\n<p>\u201dIl a pris l\u2019engagement de ne m\u00e9nager aucun effort pour pr\u00e9server la stabilit\u00e9 du S\u00e9n\u00e9gal, nous lui avons demand\u00e9 d\u2019organiser dans les plus brefs d\u00e9lais le dialogue national qu\u2019il a annonc\u00e9 et qui, comme nous le souhaitons ardemment, devra d\u00e9boucher sur une large r\u00e9conciliation nationale dans le respect de la Constitution et de l\u2019Etat de droit\u2019\u2019, ont-ils assur\u00e9.<\/p>\n\n\n\n<p>Le S\u00e9n\u00e9gal est en proie \u00e0 une crise politique apr\u00e8s que le pr\u00e9sident&nbsp;Macky Sall a annul\u00e9 le d\u00e9cret avec lequel il avait convoqu\u00e9 les S\u00e9n\u00e9galais aux urnes le 25 f\u00e9vrier prochain pour l\u2019\u00e9lection d\u2019un nouveau pr\u00e9sident de la R\u00e9publique.<\/p>\n\n\n\n<p>En prenant cette d\u00e9cision, il a invoqu\u00e9 des soup\u00e7ons de corruption concernant des magistrats parmi ceux qui ont proc\u00e9d\u00e9 \u00e0 l\u2019examen des 93 dossiers de candidature et jug\u00e9 recevables 20 d\u2019entre eux.<\/p>\n\n\n\n<p>L\u2019Assembl\u00e9e nationale a vot\u00e9 une proposition parlementaire reportant l\u2019\u00e9lection pr\u00e9sidentielle au 15 d\u00e9cembre prochain. Lors du vote, des d\u00e9put\u00e9s protestant contre cette proposition et le report du scrutin ont \u00e9t\u00e9 expuls\u00e9s de l\u2019h\u00e9micycle par la Gendarmerie nationale.<\/p>\n\n\n\n<p>Des candidats au scrutin pr\u00e9sidentiel et des d\u00e9put\u00e9s ont saisi le Conseil constitutionnel en vue de l\u2019annulation de la d\u00e9cision du pr\u00e9sident de la R\u00e9publique et l\u2019organisation du vote \u00e0 la date initialement pr\u00e9vue.<\/p>\n\n\n\n<p>AFD\/OID\/AKS<\/p>\n","protected":false},"excerpt":{"rendered":"<p>Dakar, 12 fev (APS) \u2013 Les anciens pr\u00e9sidents Abdou Diouf et Abdoulaye Wade invitent l\u2019ensemble de la classe politique ainsi<\/p>\n","protected":false},"author":1,"featured_media":31169,"comment_status":"open","ping_status":"open","sticky":false,"template":"","format":"standard","meta":{"footnotes":""},"categories":[6],"tags":[],"class_list":["post-31168","post","type-post","status-publish","format-standard","has-post-thumbnail","hentry","category-politics"],"_links":{"self":[{"href":"https:\/\/dekkbi.com\/index.php?rest_route=\/wp\/v2\/posts\/31168","targetHints":{"allow":["GET"]}}],"collection":[{"href":"https:\/\/dekkbi.com\/index.php?rest_route=\/wp\/v2\/posts"}],"about":[{"href":"https:\/\/dekkbi.com\/index.php?rest_route=\/wp\/v2\/types\/post"}],"author":[{"embeddable":true,"href":"https:\/\/dekkbi.com\/index.php?rest_route=\/wp\/v2\/users\/1"}],"replies":[{"embeddable":true,"href":"https:\/\/dekkbi.com\/index.php?rest_route=%2Fwp%2Fv2%2Fcomments&post=31168"}],"version-history":[{"count":1,"href":"https:\/\/dekkbi.com\/index.php?rest_route=\/wp\/v2\/posts\/31168\/revisions"}],"predecessor-version":[{"id":31170,"href":"https:\/\/dekkbi.com\/index.php?rest_route=\/wp\/v2\/posts\/31168\/revisions\/31170"}],"wp:featuredmedia":[{"embeddable":true,"href":"https:\/\/dekkbi.com\/index.php?rest_route=\/wp\/v2\/media\/31169"}],"wp:attachment":[{"href":"https:\/\/dekkbi.com\/index.php?rest_route=%2Fwp%2Fv2%2Fmedia&parent=31168"}],"wp:term":[{"taxonomy":"category","embeddable":true,"href":"https:\/\/dekkbi.com\/index.php?rest_route=%2Fwp%2Fv2%2Fcategories&post=31168"},{"taxonomy":"post_tag","embeddable":true,"href":"https:\/\/dekkbi.com\/index.php?rest_route=%2Fwp%2Fv2%2Ftags&post=31168"}],"curies":[{"name":"wp","href":"https:\/\/api.w.org\/{rel}","templated":true}]}}