{"id":31166,"date":"2024-02-13T09:14:27","date_gmt":"2024-02-13T09:14:27","guid":{"rendered":"https:\/\/dekkbi.com\/?p=31166"},"modified":"2024-02-13T12:32:37","modified_gmt":"2024-02-13T12:32:37","slug":"le-prefet-de-dakar-interdit-la-marche-de-la-plateforme-aaar-sunu-election","status":"publish","type":"post","link":"https:\/\/dekkbi.com\/?p=31166","title":{"rendered":"Le Pr\u00e9fet de Dakar interdit la marche de la plateforme \u201dAaar Sunu election\u201d"},"content":{"rendered":"\n<p>Dakar,  (APS) \u2013 Le pr\u00e9fet de Dakar a interdit la marche silencieuse que les membres de l\u2019initiative \u2018\u2019Aar Sunu election\u2019\u2019 (prot\u00e9ger notre \u00e9lection) projettent d\u2019organiser ce mardi \u00e0 Dakar en hommage aux trois personnes d\u00e9c\u00e9d\u00e9s lors des manifestations de protestation contre le report annonc\u00e9 de l\u2019\u00e9lection pr\u00e9sidentielle du 25 f\u00e9vrier, a appris l\u2019APS de source officielle.<\/p>\n\n\n\n<p>L\u2019autorit\u00e9 administrative d\u00e9clare \u2018\u2019ne pas pouvoir donner une suite favorable\u2019\u2019 \u00e0 la requ\u00eate des organisateurs en raison de \u2018\u2019probl\u00e8mes de mobilit\u00e9\u2019\u2019.<\/p>\n\n\n\n<p>\u2018\u2019L\u2019occupation de l\u2019itin\u00e9raire choisi aux horaires retenus, risque de perturber gravement la libre circulation des personnes et de leurs biens au regard des probl\u00e8mes de mobilit\u00e9 not\u00e9s actuellement\u201d, indique le pr\u00e9fet dans un arr\u00eat\u00e9.<\/p>\n\n\n\n<p>Les organisateurs pr\u00e9voient d\u2019organiser cette marche sur l\u2019avenue Bourguiba sur l\u2019itin\u00e9raire Rond-point Jet d\u2019eau-FASTEF.<\/p>\n\n\n\n<p>Dans son arr\u00eat\u00e9, l\u2019autorit\u00e9 administrative invite les initiateurs \u00e0 lui proposer \u2018\u2019un nouvel itin\u00e9raire qui fera l\u2019objet d\u2019une instruction\u2019\u2019.<\/p>\n\n\n\n<p>\u2018\u2019Aar Sunu election\u2019\u2019, plateforme regroupant des organisations et mouvements se r\u00e9clamant de la soci\u00e9t\u00e9 civile a appel\u00e9 lundi les S\u00e9n\u00e9galais \u00e0 se joindre \u00e0 son plan d\u2019action pour protester contre le report de la pr\u00e9sidentielle.<\/p>\n\n\n\n<p>\u2018\u2019Nous invitons la population \u00e0 venir participer massivement \u00e0 la marche pacifique dans l\u2019apr\u00e8s-midi du mardi 13 f\u00e9vrier, pour protester contre le report de notre \u00e9lection\u2019\u2019, a d\u00e9clar\u00e9 lors d\u2019une conf\u00e9rence de presse Ndongo Sarr, secr\u00e9taire g\u00e9n\u00e9ral du Cadre unitaire syndical des enseignants du moyen secondaire (Cusems), une organisation membre de la plateforme \u2018\u2019Aar Sunu election\u2019\u2019.<\/p>\n\n\n\n<p>OID\/MYK\/AKS<\/p>\n","protected":false},"excerpt":{"rendered":"<p>Dakar, (APS) \u2013 Le pr\u00e9fet de Dakar a interdit la marche silencieuse que les membres de l\u2019initiative \u2018\u2019Aar Sunu election\u2019\u2019<\/p>\n","protected":false},"author":1,"featured_media":30444,"comment_status":"open","ping_status":"open","sticky":false,"template":"","format":"standard","meta":{"footnotes":""},"categories":[21],"tags":[],"class_list":["post-31166","post","type-post","status-publish","format-standard","has-post-thumbnail","hentry","category-societe"],"_links":{"self":[{"href":"https:\/\/dekkbi.com\/index.php?rest_route=\/wp\/v2\/posts\/31166","targetHints":{"allow":["GET"]}}],"collection":[{"href":"https:\/\/dekkbi.com\/index.php?rest_route=\/wp\/v2\/posts"}],"about":[{"href":"https:\/\/dekkbi.com\/index.php?rest_route=\/wp\/v2\/types\/post"}],"author":[{"embeddable":true,"href":"https:\/\/dekkbi.com\/index.php?rest_route=\/wp\/v2\/users\/1"}],"replies":[{"embeddable":true,"href":"https:\/\/dekkbi.com\/index.php?rest_route=%2Fwp%2Fv2%2Fcomments&post=31166"}],"version-history":[{"count":1,"href":"https:\/\/dekkbi.com\/index.php?rest_route=\/wp\/v2\/posts\/31166\/revisions"}],"predecessor-version":[{"id":31167,"href":"https:\/\/dekkbi.com\/index.php?rest_route=\/wp\/v2\/posts\/31166\/revisions\/31167"}],"wp:featuredmedia":[{"embeddable":true,"href":"https:\/\/dekkbi.com\/index.php?rest_route=\/wp\/v2\/media\/30444"}],"wp:attachment":[{"href":"https:\/\/dekkbi.com\/index.php?rest_route=%2Fwp%2Fv2%2Fmedia&parent=31166"}],"wp:term":[{"taxonomy":"category","embeddable":true,"href":"https:\/\/dekkbi.com\/index.php?rest_route=%2Fwp%2Fv2%2Fcategories&post=31166"},{"taxonomy":"post_tag","embeddable":true,"href":"https:\/\/dekkbi.com\/index.php?rest_route=%2Fwp%2Fv2%2Ftags&post=31166"}],"curies":[{"name":"wp","href":"https:\/\/api.w.org\/{rel}","templated":true}]}}