{"id":31150,"date":"2024-02-12T11:50:37","date_gmt":"2024-02-12T11:50:37","guid":{"rendered":"https:\/\/dekkbi.com\/?p=31150"},"modified":"2024-02-12T12:08:42","modified_gmt":"2024-02-12T12:08:42","slug":"lue-saccorde-sur-une-reforme-de-ses-regles-budgetaires","status":"publish","type":"post","link":"https:\/\/dekkbi.com\/?p=31150","title":{"rendered":"Parlement europ\u00e9en et les Etats membres de l&rsquo;UE s&rsquo;accordent sur une r\u00e9forme de ses r\u00e8gles budg\u00e9taires"},"content":{"rendered":"\n<p>Le Parlement europ\u00e9en et les Etats membres de l&rsquo;UE ont trouv\u00e9 un accord dans la nuit de vendredi \u00e0 samedi sur une r\u00e9forme des r\u00e8gles budg\u00e9taires de l&rsquo;UE cens\u00e9e garantir le redressement des finances publiques tout en pr\u00e9servant les investissements.<\/p>\n\n\n\n<p>Le texte discut\u00e9 depuis plus de deux ans est critiqu\u00e9 pour sa grande complexit\u00e9 et brocard\u00e9 par des \u00e9lus de gauche comme un outil installant l&rsquo;aust\u00e9rit\u00e9 en Europe.<\/p>\n\n\n\n<p>\u00ab\u00a0Je salue l\u2019accord politique sur notre ambitieuse r\u00e9forme de la gouvernance \u00e9conomique de l\u2019UE\u00a0\u00bb, \u00ab\u00a0pour une \u00e9conomie europ\u00e9enne comp\u00e9titive et \u00e9quitable\u00a0\u00bb, a d\u00e9clar\u00e9 la pr\u00e9sidente de la Commission europ\u00e9enne Ursula von der Leyen sur le r\u00e9seau social X.<\/p>\n\n\n\n<p>\u00ab\u00a0Les nouvelles r\u00e8gles permettront aux pays de l&rsquo;UE d&rsquo;investir dans leurs atouts tout en consolidant leurs finances publiques\u00a0\u00bb, a-t-elle ajout\u00e9.<\/p>\n\n\n\n<p>Press\u00e9s par le temps, les n\u00e9gociateurs ont fini par s&rsquo;entendre apr\u00e8s 16 heures de discussions. Compte tenu des d\u00e9lais de proc\u00e9dure, il fallait absolument conclure pour que le texte puisse \u00eatre vot\u00e9 en session pl\u00e9ni\u00e8re \u00e0 Strasbourg au printemps avant la pause parlementaire qui pr\u00e9c\u00e8de les \u00e9lections europ\u00e9ennes de juin.<\/p>\n\n\n\n<p>L&rsquo;accord trouv\u00e9 cette nuit permettra aux Etats membres d&rsquo;appliquer les nouvelles r\u00e8gles d\u00e8s cette ann\u00e9e pour leurs budgets 2025.<\/p>\n\n\n\n<p>Elles \u00ab\u00a0contribueront \u00e0 l&rsquo;\u00e9quilibre et \u00e0 la viabilit\u00e9 des finances publiques, aux r\u00e9formes structurelles, \u00e0 la promotion des investissements, \u00e0 la croissance et \u00e0 la cr\u00e9ation d&#8217;emplois dans l&rsquo;UE\u00a0\u00bb, a affirm\u00e9 la pr\u00e9sidence belge du Conseil de l&rsquo;UE sur X (anciennement Twitter).<\/p>\n\n\n\n<p>La r\u00e9forme entend moderniser le Pacte de stabilit\u00e9, cr\u00e9\u00e9 \u00e0 la fin des ann\u00e9es 1990, qui limite pour chaque pays le d\u00e9ficit des administrations publiques \u00e0 3% du PIB et la dette \u00e0 60%. Jug\u00e9 trop drastique, ce cadre n&rsquo;a jamais vraiment \u00e9t\u00e9 respect\u00e9 et \u00e9tait jug\u00e9 obsol\u00e8te.<\/p>\n\n\n\n<h2 class=\"wp-block-heading\">Un peu plus de flexibilit\u00e9<\/h2>\n\n\n\n<p>Tout en confirmant ces ratios embl\u00e9matiques, le nouveau texte rend un peu plus flexible l&rsquo;ajustement r\u00e9clam\u00e9 aux pays de l&rsquo;UE en cas de d\u00e9ficits excessifs.<\/p>\n","protected":false},"excerpt":{"rendered":"<p>Le Parlement europ\u00e9en et les Etats membres de l&rsquo;UE ont trouv\u00e9 un accord dans la nuit de vendredi \u00e0 samedi<\/p>\n","protected":false},"author":1,"featured_media":22923,"comment_status":"open","ping_status":"open","sticky":false,"template":"","format":"standard","meta":{"footnotes":""},"categories":[3],"tags":[],"class_list":["post-31150","post","type-post","status-publish","format-standard","has-post-thumbnail","hentry","category-event-more-news"],"_links":{"self":[{"href":"https:\/\/dekkbi.com\/index.php?rest_route=\/wp\/v2\/posts\/31150","targetHints":{"allow":["GET"]}}],"collection":[{"href":"https:\/\/dekkbi.com\/index.php?rest_route=\/wp\/v2\/posts"}],"about":[{"href":"https:\/\/dekkbi.com\/index.php?rest_route=\/wp\/v2\/types\/post"}],"author":[{"embeddable":true,"href":"https:\/\/dekkbi.com\/index.php?rest_route=\/wp\/v2\/users\/1"}],"replies":[{"embeddable":true,"href":"https:\/\/dekkbi.com\/index.php?rest_route=%2Fwp%2Fv2%2Fcomments&post=31150"}],"version-history":[{"count":2,"href":"https:\/\/dekkbi.com\/index.php?rest_route=\/wp\/v2\/posts\/31150\/revisions"}],"predecessor-version":[{"id":31155,"href":"https:\/\/dekkbi.com\/index.php?rest_route=\/wp\/v2\/posts\/31150\/revisions\/31155"}],"wp:featuredmedia":[{"embeddable":true,"href":"https:\/\/dekkbi.com\/index.php?rest_route=\/wp\/v2\/media\/22923"}],"wp:attachment":[{"href":"https:\/\/dekkbi.com\/index.php?rest_route=%2Fwp%2Fv2%2Fmedia&parent=31150"}],"wp:term":[{"taxonomy":"category","embeddable":true,"href":"https:\/\/dekkbi.com\/index.php?rest_route=%2Fwp%2Fv2%2Fcategories&post=31150"},{"taxonomy":"post_tag","embeddable":true,"href":"https:\/\/dekkbi.com\/index.php?rest_route=%2Fwp%2Fv2%2Ftags&post=31150"}],"curies":[{"name":"wp","href":"https:\/\/api.w.org\/{rel}","templated":true}]}}