{"id":31144,"date":"2024-02-12T11:33:08","date_gmt":"2024-02-12T11:33:08","guid":{"rendered":"https:\/\/dekkbi.com\/?p=31144"},"modified":"2024-02-12T12:14:12","modified_gmt":"2024-02-12T12:14:12","slug":"laide-a-lukraine-avance-au-senat-americain-mais-des-embuches-lattendent","status":"publish","type":"post","link":"https:\/\/dekkbi.com\/?p=31144","title":{"rendered":"\u201cC\u2019est une d\u00e9claration de guerre\u201d: comment faut-il interpr\u00e9ter les menaces de Trump envers l\u2019Otan?"},"content":{"rendered":"\n<p><strong>Un message clair. Samedi, Donald Trump a assur\u00e9 qu\u2019en cas de r\u00e9\u00e9lection \u00e0 la t\u00eate des \u00c9tats-Unis, il ne serait pas enclin \u00e0 d\u00e9fendre les pays de l\u2019Otan, allant m\u00eame jusqu\u2019\u00e0 \u201cencourager\u201d la Russie \u00e0 les attaquer. Une sortie qui suscite l\u2019indignation, mais aussi l\u2019inqui\u00e9tude au sein de l\u2019Alliance. \u00c0 raison? Plusieurs experts assimilent ses propos \u00e0 \u201cune d\u00e9claration de guerre\u201d et affirment qu&rsquo;il faut \u201cle prendre au mot\u201d.<\/strong><\/p>\n\n\n\n<p>Un pas de plus. Donald Trump reproche r\u00e9guli\u00e8rement \u00e0 ses alli\u00e9s de l\u2019Organisation du trait\u00e9 de l\u2019Atlantique nord de ne pas financer suffisamment l\u2019institution. Samedi, lors d\u2019un meeting en Caroline du Sud, il a ouvertement menac\u00e9 de ne pas les d\u00e9fendre en cas d&rsquo;attaque russe en rapportant une conversation avec un des chefs d\u2019\u00c9tat de l\u2019Otan, sans le nommer.<\/p>\n\n\n\n<p>\u201cUn des pr\u00e9sidents d\u2019un gros pays s\u2019est lev\u00e9 et a dit: \u2018Et bien, monsieur, si on ne paie pas et qu\u2019on est attaqu\u00e9 par la Russie, est-ce que vous nous prot\u00e9gerez?\u201d, raconte le milliardaire avant de r\u00e9v\u00e9ler sa r\u00e9ponse: \u201cNon, je ne vous prot\u00e8gerais pas. En fait, je les encouragerais \u00e0 vous faire ce qu\u2019ils veulent. Vous devez payer vos dettes\u201d.<\/p>\n\n\n\n<h2 class=\"wp-block-heading\">Des propos condamn\u00e9s<\/h2>\n\n\n\n<p>Tr\u00e8s vite, les r\u00e9actions indign\u00e9es ont fus\u00e9. \u201cEncourager l\u2019invasion de nos plus proches alli\u00e9s par des r\u00e9gimes meurtriers est consternant et insens\u00e9\u201d, a regrett\u00e9 Andrew Bates, porte-parole de la Maison Blanche.<\/p>\n\n\n\n<p>\u201cLe fait que Donald Trump avoue qu\u2019il compte donner le feu vert \u00e0 Poutine pour davantage de guerre et de violence, pour continuer son assaut brutal contre une Ukraine libre et pour \u00e9tendre son agression aux peuples de Pologne et des \u00c9tats baltes est affligeant et dangereux\u201d, a corrobor\u00e9 son successeur Joe Biden.<\/p>\n\n\n\n<p>\u201cToute suggestion selon laquelle les Alli\u00e9s ne se d\u00e9fendront pas les uns les autres sape notre s\u00e9curit\u00e9 \u00e0 tous, y compris celle des \u00c9tats-Unis, et expose les soldats am\u00e9ricains et europ\u00e9ens \u00e0 un risque accru (&#8230;) Toute attaque contre l\u2019Otan entra\u00eenera une r\u00e9ponse unie et \u00e9nergique\u201d, a assur\u00e9 le secr\u00e9taire g\u00e9n\u00e9ral de l\u2019Otan Jens Stoltenberg.<\/p>\n\n\n\n<p>De son c\u00f4t\u00e9, Charles Michel, pr\u00e9sident du Conseil europ\u00e9en, a condamn\u00e9 des \u201cd\u00e9clarations imprudentes\u00a0\u00bb, soulignant au passage qu\u2019elles ne servent \u201cque les int\u00e9r\u00eats de Poutine\u201d. \u201cElles soulignent \u00e0 nouveau la n\u00e9cessit\u00e9 pour l\u2019UE de d\u00e9velopper de toute urgence son autonomie strat\u00e9gique et d\u2019investir dans sa d\u00e9fense.\u201d<\/p>\n\n\n\n<h2 class=\"wp-block-heading\">\u201cSignal d\u2019alarme\u201d<\/h2>\n\n\n\n<p>L\u2019inqui\u00e9tude r\u00e8gne au sein des grands dirigeants et chefs d\u2019\u00c9tats. Un sentiment partag\u00e9 par de nombreux experts en g\u00e9opolitique qui assurent qu\u2019il faut prendre au s\u00e9rieux les d\u00e9clarations de Donald Trump. \u201cLe fait qu\u2019il encourage m\u00eame la Russie est presque une d\u00e9claration de guerre\u201d, estime David Criekemans, professeur de politique internationale \u00e0 l\u2019Universit\u00e9 d\u2019Anvers, interrog\u00e9 par nos confr\u00e8res de la VRT.<\/p>\n\n\n\n<p>\u201cC\u2019est un signal d\u2019alarme. La s\u00e9curit\u00e9 europ\u00e9enne est extr\u00eamement d\u00e9pendante de l\u2019engagement am\u00e9ricain. Les \u00c9tats-Unis ont toujours consid\u00e9r\u00e9 l\u2019Europe comme une sorte de base avanc\u00e9e. Mais que se passe-t-il si les \u00c9tats-Unis n\u2019y adh\u00e8rent plus? Dans ce cas, le sc\u00e9nario d\u2019une Europe faisant cavalier seul devient de plus en plus probable.\u201d<\/p>\n\n\n\n<p>Quid de l\u2019article 5 du trait\u00e9 de l\u2019Otan? Les \u00c9tats-Unis ne doivent-ils pas prot\u00e9ger les autres pays de l\u2019OTAN s\u2019ils sont attaqu\u00e9s? Pour rappel, il stipule qu\u2019une \u201cattaque arm\u00e9e contre l\u2019une ou plusieurs [parties] survenant en Europe ou en Am\u00e9rique du Nord sera consid\u00e9r\u00e9e comme une attaque dirig\u00e9e contre toutes les parties\u201d. Cons\u00e9quence? Chaque \u00c9tat membre \u201cassistera la partie ou les parties ainsi attaqu\u00e9es en prenant aussit\u00f4t, individuellement et d\u2019accord avec les autres parties, telle action qu\u2019elle jugera n\u00e9cessaire, y compris l\u2019emploi de la force arm\u00e9e, pour r\u00e9tablir et assurer la s\u00e9curit\u00e9 dans la r\u00e9gion de l\u2019Atlantique Nord.\u201d<\/p>\n\n\n\n<p>Mais l\u2019article 5 pr\u00e9cise \u00e9galement que les \u00c9tats membres peuvent d\u00e9cider eux-m\u00eames de \u201cprendre les mesures qu\u2019ils jugent n\u00e9cessaires\u201d, nuance David Criekemans. \u201cIl ne s\u2019agit donc pas n\u00e9cessairement d\u2019une action militaire. En th\u00e9orie, les \u00c9tats-Unis peuvent donc exprimer leur soutien en cas d\u2019attaque contre un autre pays de l\u2019Otan.\u201d<\/p>\n\n\n\n<h2 class=\"wp-block-heading\">\u201cChantage\u201d<\/h2>\n\n\n\n<p>Pour G\u00e9rard Araud, ancien ambassadeur de France aux \u00c9tats-Unis, c\u2019est une certitude: \u201cIl faut prendre Donald Trump au mot.\u201d<\/p>\n\n\n\n<p>\u201cIl a une vision purement transactionnelle de la politique et il ne croit pas aux alliances\u201d, entame-t-il sur le plateau de LCI. \u201cC\u2019est une sorte de chantage, il l\u2019avait d\u00e9j\u00e0 fait lors de son pr\u00e9c\u00e9dent mandat. C\u2019est un isolationniste \u00e0 l\u2019ancienne. Quand il dit \u2018America first\u2019 (NDLR: l\u2019Am\u00e9rique d&rsquo;abord), il pense \u2018America alone\u2019 (NDLR: l\u2019Am\u00e9rique seule) (&#8230;) Beaucoup d\u2019Am\u00e9ricains pensent comme lui, \u2018qu\u2019est-ce qu\u2019on irait faire en Estonie?\u2019\u201d<\/p>\n\n\n\n<p>SOURCE 7\/7<\/p>\n","protected":false},"excerpt":{"rendered":"<p>Un message clair. Samedi, Donald Trump a assur\u00e9 qu\u2019en cas de r\u00e9\u00e9lection \u00e0 la t\u00eate des \u00c9tats-Unis, il ne serait<\/p>\n","protected":false},"author":1,"featured_media":31157,"comment_status":"open","ping_status":"open","sticky":false,"template":"","format":"standard","meta":{"footnotes":""},"categories":[6],"tags":[],"class_list":["post-31144","post","type-post","status-publish","format-standard","has-post-thumbnail","hentry","category-politics"],"_links":{"self":[{"href":"https:\/\/dekkbi.com\/index.php?rest_route=\/wp\/v2\/posts\/31144","targetHints":{"allow":["GET"]}}],"collection":[{"href":"https:\/\/dekkbi.com\/index.php?rest_route=\/wp\/v2\/posts"}],"about":[{"href":"https:\/\/dekkbi.com\/index.php?rest_route=\/wp\/v2\/types\/post"}],"author":[{"embeddable":true,"href":"https:\/\/dekkbi.com\/index.php?rest_route=\/wp\/v2\/users\/1"}],"replies":[{"embeddable":true,"href":"https:\/\/dekkbi.com\/index.php?rest_route=%2Fwp%2Fv2%2Fcomments&post=31144"}],"version-history":[{"count":2,"href":"https:\/\/dekkbi.com\/index.php?rest_route=\/wp\/v2\/posts\/31144\/revisions"}],"predecessor-version":[{"id":31158,"href":"https:\/\/dekkbi.com\/index.php?rest_route=\/wp\/v2\/posts\/31144\/revisions\/31158"}],"wp:featuredmedia":[{"embeddable":true,"href":"https:\/\/dekkbi.com\/index.php?rest_route=\/wp\/v2\/media\/31157"}],"wp:attachment":[{"href":"https:\/\/dekkbi.com\/index.php?rest_route=%2Fwp%2Fv2%2Fmedia&parent=31144"}],"wp:term":[{"taxonomy":"category","embeddable":true,"href":"https:\/\/dekkbi.com\/index.php?rest_route=%2Fwp%2Fv2%2Fcategories&post=31144"},{"taxonomy":"post_tag","embeddable":true,"href":"https:\/\/dekkbi.com\/index.php?rest_route=%2Fwp%2Fv2%2Ftags&post=31144"}],"curies":[{"name":"wp","href":"https:\/\/api.w.org\/{rel}","templated":true}]}}