{"id":31142,"date":"2024-02-12T11:19:34","date_gmt":"2024-02-12T11:19:34","guid":{"rendered":"https:\/\/dekkbi.com\/?p=31142"},"modified":"2024-02-12T11:19:34","modified_gmt":"2024-02-12T11:19:34","slug":"decrispation-emeutes-de-mars-2021-et-juin-2023-macky-amnistie","status":"publish","type":"post","link":"https:\/\/dekkbi.com\/?p=31142","title":{"rendered":"D\u00e9crispation \u2013 \u00c9meutes de mars 2021 et juin 2023 : MACKY AMNISTIE !"},"content":{"rendered":"\n<p><strong>La reprise du signal de la t\u00e9l\u00e9vision Walfadjri rentre dans un plan g\u00e9n\u00e9ral de r\u00e9conciliation pr\u00e9par\u00e9 par Macky Sall. Le gouvernement va pr\u00e9senter mercredi un projet d\u2019amnistie couvrant les \u00e9meutes de 2021 et de 2023. Cela, afin de pr\u00e9parer la voie au dialogue souhait\u00e9 par le Pr\u00e9sident.<\/strong><\/p>\n\n\n\n<p><strong>Par Mohamed GUEYE \u2013&nbsp;<\/strong>La reprise du signal de Walf Tv se veut \u00eatre le premier signe de la d\u00e9crispation de l\u2019espace social et politique que souhaite lancer le Pr\u00e9sident Macky Sall. Le chef de l\u2019Etat souhaiterait convaincre le plus de monde possible \u00e0 venir au dialogue qu\u2019il a appel\u00e9, dans l\u2019id\u00e9e de sortir de l\u2019impasse politique o\u00f9 se trouve le pays, et qui conduit \u00e0 des affrontements mortels, opposant les Forces de d\u00e9fense et de s\u00e9curit\u00e9 (Fds) \u00e0 des citoyens dans plusieurs localit\u00e9s du pays, en particulier les grandes agglom\u00e9rations.<\/p>\n\n\n\n<p>Pour preuve de sa bonne foi, le chef de l\u2019Etat a demand\u00e9 au gouvernement de pr\u00e9parer un projet de loi d\u2019amnistie pour les \u00e9v\u00e8nements ayant conduit aux \u00e9meutes de mars 2021 et de juin 2023. Ce sera l\u2019occasion sans doute de permettre aux nombreuses personnes d\u00e9tenues dans les prisons du pays de recouvrer la libert\u00e9.<\/p>\n\n\n\n<p>S\u2019agissant de ce point, Le Quotidien a appris par ailleurs que le chef de l\u2019Etat avait d\u2019ailleurs pr\u00e9sent\u00e9 l\u2019id\u00e9e en Conseil des ministres le mercredi dernier 7 f\u00e9vrier. N\u00e9anmoins, plusieurs ministres avaient eu besoin de plus de clarifications, ce qui a conduit \u00e0 repousser le projet, pour prendre le temps de bien en expliquer les motivations \u00e0 tous les acteurs. Cela s\u2019est tout de m\u00eame refl\u00e9t\u00e9 d\u2019une certaine mani\u00e8re dans le communiqu\u00e9 de ce dernier Conseil des ministres, qui indique ceci&nbsp;:&nbsp;\u00abLe pr\u00e9sident de la R\u00e9publique a particuli\u00e8rement r\u00e9it\u00e9r\u00e9 sa d\u00e9termination \u00e0 poursuivre le dialogue avec tous les acteurs politiques et les forces vives de la Nation, en vue de renforcer, d\u2019une part, notre d\u00e9mocratie \u00e0 travers un processus \u00e9lectoral transparent, libre et inclusif et, d\u2019autre part, la cr\u00e9dibilit\u00e9 de nos institutions. Dans ce contexte, le chef de l\u2019Etat a d\u00e9cid\u00e9 d\u2019engager les voies et moyens de mettre en \u0153uvre un processus pragmatique d\u2019apaisement et de r\u00e9conciliation pour pr\u00e9server la paix et consolider la stabilit\u00e9 de la Nation. Dans cette dynamique, le pr\u00e9sident de la R\u00e9publique, garant de l\u2019unit\u00e9 nationale et du fonctionnement r\u00e9gulier des institutions, a demand\u00e9 au gouvernement, notamment \u00e0 la Garde des sceaux, ministre de la Justice, de prendre les dispositions n\u00e9cessaires pour mat\u00e9rialiser sa volont\u00e9 de pacifier l\u2019espace public dans la perspective du dialogue national et de l\u2019organisation de la prochaine \u00e9lection pr\u00e9sidentielle.\u00bb<\/p>\n\n\n\n<p>L\u2019id\u00e9e derri\u00e8re ce texte est, comme dit plus haut, de faire montre \u00abd\u2019esprit de pardon et de r\u00e9conciliation\u00bb, pour d\u00e9passer les clivages actuels, afin de reprendre le plus rapidement possible le processus \u00e9lectoral.<\/p>\n\n\n\n<p>Le chef de l\u2019Etat a d\u00fb penser que les explications fournies aux uns et aux autres ont sans doute permis de lever les obstacles li\u00e9s \u00e0 la compr\u00e9hension de certains membres du Conseil des ministres, et que le prochain pourra donc \u00eatre pr\u00e9sent\u00e9 d\u00e8s le mercredi prochain 14 f\u00e9vrier pour \u00eatre adopt\u00e9 avant son envoi devant les d\u00e9put\u00e9s.<br><strong>mgueye@lequotidien.sn<\/strong><\/p>\n","protected":false},"excerpt":{"rendered":"<p>La reprise du signal de la t\u00e9l\u00e9vision Walfadjri rentre dans un plan g\u00e9n\u00e9ral de r\u00e9conciliation pr\u00e9par\u00e9 par Macky Sall. Le<\/p>\n","protected":false},"author":1,"featured_media":13935,"comment_status":"open","ping_status":"open","sticky":false,"template":"","format":"standard","meta":{"footnotes":""},"categories":[6],"tags":[],"class_list":["post-31142","post","type-post","status-publish","format-standard","has-post-thumbnail","hentry","category-politics"],"_links":{"self":[{"href":"https:\/\/dekkbi.com\/index.php?rest_route=\/wp\/v2\/posts\/31142","targetHints":{"allow":["GET"]}}],"collection":[{"href":"https:\/\/dekkbi.com\/index.php?rest_route=\/wp\/v2\/posts"}],"about":[{"href":"https:\/\/dekkbi.com\/index.php?rest_route=\/wp\/v2\/types\/post"}],"author":[{"embeddable":true,"href":"https:\/\/dekkbi.com\/index.php?rest_route=\/wp\/v2\/users\/1"}],"replies":[{"embeddable":true,"href":"https:\/\/dekkbi.com\/index.php?rest_route=%2Fwp%2Fv2%2Fcomments&post=31142"}],"version-history":[{"count":1,"href":"https:\/\/dekkbi.com\/index.php?rest_route=\/wp\/v2\/posts\/31142\/revisions"}],"predecessor-version":[{"id":31143,"href":"https:\/\/dekkbi.com\/index.php?rest_route=\/wp\/v2\/posts\/31142\/revisions\/31143"}],"wp:featuredmedia":[{"embeddable":true,"href":"https:\/\/dekkbi.com\/index.php?rest_route=\/wp\/v2\/media\/13935"}],"wp:attachment":[{"href":"https:\/\/dekkbi.com\/index.php?rest_route=%2Fwp%2Fv2%2Fmedia&parent=31142"}],"wp:term":[{"taxonomy":"category","embeddable":true,"href":"https:\/\/dekkbi.com\/index.php?rest_route=%2Fwp%2Fv2%2Fcategories&post=31142"},{"taxonomy":"post_tag","embeddable":true,"href":"https:\/\/dekkbi.com\/index.php?rest_route=%2Fwp%2Fv2%2Ftags&post=31142"}],"curies":[{"name":"wp","href":"https:\/\/api.w.org\/{rel}","templated":true}]}}