{"id":31089,"date":"2024-02-12T09:55:49","date_gmt":"2024-02-12T09:55:49","guid":{"rendered":"https:\/\/dekkbi.com\/?p=31089"},"modified":"2024-02-12T09:55:50","modified_gmt":"2024-02-12T09:55:50","slug":"message-de-lappel-2024-le-khalife-general-des-layenes-appelle-a-lunite-politique-et-sociale","status":"publish","type":"post","link":"https:\/\/dekkbi.com\/?p=31089","title":{"rendered":"Message de l&rsquo;Appel 2024: Le Khalife g\u00e9n\u00e9ral des Lay\u00e9nes appelle \u00e0 l&rsquo;unit\u00e9 politique et sociale"},"content":{"rendered":"\n<h3 class=\"wp-block-heading\">La 144\u00e8me \u00e9dition de l&rsquo;Appel de Seydina Limamou Laye Al-Mahdi a pris fin ce dimanche 11 f\u00e9vrier 2024, apr\u00e8s deux jours de rassemblement intense de la communaut\u00e9 Lay\u00e8ne du S\u00e9n\u00e9gal et de la diaspora \u00e0 Camb\u00e9r\u00e8ne, Diamalaye, Ngor et Yoff. Cet \u00e9v\u00e9nement religieux majeur, ouvert le samedi pr\u00e9c\u00e9dent, a \u00e9t\u00e9 l&rsquo;occasion pour les fid\u00e8les de se connecter avec l&rsquo;h\u00e9ritage de Seydina Limamou Lahi Al-Mahdi sous le th\u00e8me \u00ab\u00a0L\u2019unit\u00e9, socle de la stabilit\u00e9 sociale et politique\u00a0\u00bb.<\/h3>\n\n\n\n<p>Dans un contexte marqu\u00e9 par des \u00e9v\u00e9nements tragiques et des tensions politiques, le choix de ce th\u00e8me s&rsquo;av\u00e8re particuli\u00e8rement pertinent. V\u00eatus de blanc, les p\u00e8lerins ont exprim\u00e9 leur satisfaction quant au d\u00e9roulement de cette \u00e9dition, soulignant son importance dans les circonstances actuelles.<\/p>\n\n\n\n<p>Le message du gouvernement, transmis par le ministre de l&rsquo;Int\u00e9rieur, Me Sidiky Kaba, a mis l&rsquo;accent sur l&rsquo;appel au dialogue lanc\u00e9 par le Pr\u00e9sident Macky Sall pour assurer la paix et la stabilit\u00e9 du pays. Ce dernier a soulign\u00e9 l&rsquo;importance de l&rsquo;unit\u00e9 entre les diff\u00e9rentes composantes de la soci\u00e9t\u00e9 s\u00e9n\u00e9galaise et a sollicit\u00e9 les pri\u00e8res de la communaut\u00e9 lay\u00e8ne pour l&rsquo;apaisement du pays.<\/p>\n\n\n\n<p>Cependant, c&rsquo;est le discours poignant du Khalife g\u00e9n\u00e9ral des Lay\u00e8nes, Serigne Mouhamadou Moctar Laye, qui a captiv\u00e9 l&rsquo;attention. Revisitant la vie et l&rsquo;\u0153uvre de Seydina Limamou Lahi Al Mahdi, il a soulign\u00e9 son r\u00f4le de r\u00e9f\u00e9rence pour toute la Oummah islamique. Serigne Mouhamadou Moctar Laye a \u00e9galement lanc\u00e9 un appel pressant aux autorit\u00e9s gouvernementales pour moderniser les cit\u00e9s religieuses telles que Camb\u00e9r\u00e8ne, Yoff, Diamalaye et Ngor, en vue d&rsquo;accueillir un afflux d\u00e9mographique lors de l&rsquo;appel de Seydina Limamou Laye.<\/p>\n\n\n\n<p>Par ailleurs, lors de la c\u00e9r\u00e9monie d&rsquo;ouverture, le porte-parole du Khalife des Lay\u00e8nes, Serigne Mouhamadou Lamine Laye, a appel\u00e9 les membres de la confr\u00e9rie \u00e0 ne pas participer aux manifestations contre le report de l&rsquo;\u00e9lection pr\u00e9sidentielle, pr\u00f4nant la responsabilit\u00e9 et la compassion de tous.<\/p>\n\n\n\n<p>La pr\u00e9sence remarqu\u00e9e de diff\u00e9rentes autorit\u00e9s religieuses, coutumi\u00e8res et politiques, ainsi que des repr\u00e9sentants du gouvernement s\u00e9n\u00e9galais et des personnalit\u00e9s politiques telles que Mamoudou Ibra Kane, leader du mouvement \u00ab\u00a0Demain c\u2019est maintenant\u00a0\u00bb, t\u00e9moigne de l&rsquo;importance de cet \u00e9v\u00e9nement pour la coh\u00e9sion sociale et politique du pays.<\/p>\n\n\n\n<p>Ll&rsquo;Appel de Seydina Limamou Lahi Al-Mahdi demeure un rendez-vous incontournable pour la communaut\u00e9 Lay\u00e8ne, rappelant les principes fondamentaux de r\u00e9forme religieuse et d&rsquo;unit\u00e9 pr\u00f4n\u00e9s par son fondateur. Cette \u00e9dition particuli\u00e8rement marquante souligne l&rsquo;urgence de cultiver l&rsquo;unit\u00e9 pour assurer la stabilit\u00e9 et le d\u00e9veloppement du S\u00e9n\u00e9gal.<\/p>\n\n\n\n<p><strong>Birame Khary Ndaw<\/strong><br>LERAL<\/p>\n","protected":false},"excerpt":{"rendered":"<p>La 144\u00e8me \u00e9dition de l&rsquo;Appel de Seydina Limamou Laye Al-Mahdi a pris fin ce dimanche 11 f\u00e9vrier 2024, apr\u00e8s deux<\/p>\n","protected":false},"author":1,"featured_media":31090,"comment_status":"open","ping_status":"open","sticky":false,"template":"","format":"standard","meta":{"footnotes":""},"categories":[21],"tags":[],"class_list":["post-31089","post","type-post","status-publish","format-standard","has-post-thumbnail","hentry","category-societe"],"_links":{"self":[{"href":"https:\/\/dekkbi.com\/index.php?rest_route=\/wp\/v2\/posts\/31089","targetHints":{"allow":["GET"]}}],"collection":[{"href":"https:\/\/dekkbi.com\/index.php?rest_route=\/wp\/v2\/posts"}],"about":[{"href":"https:\/\/dekkbi.com\/index.php?rest_route=\/wp\/v2\/types\/post"}],"author":[{"embeddable":true,"href":"https:\/\/dekkbi.com\/index.php?rest_route=\/wp\/v2\/users\/1"}],"replies":[{"embeddable":true,"href":"https:\/\/dekkbi.com\/index.php?rest_route=%2Fwp%2Fv2%2Fcomments&post=31089"}],"version-history":[{"count":1,"href":"https:\/\/dekkbi.com\/index.php?rest_route=\/wp\/v2\/posts\/31089\/revisions"}],"predecessor-version":[{"id":31091,"href":"https:\/\/dekkbi.com\/index.php?rest_route=\/wp\/v2\/posts\/31089\/revisions\/31091"}],"wp:featuredmedia":[{"embeddable":true,"href":"https:\/\/dekkbi.com\/index.php?rest_route=\/wp\/v2\/media\/31090"}],"wp:attachment":[{"href":"https:\/\/dekkbi.com\/index.php?rest_route=%2Fwp%2Fv2%2Fmedia&parent=31089"}],"wp:term":[{"taxonomy":"category","embeddable":true,"href":"https:\/\/dekkbi.com\/index.php?rest_route=%2Fwp%2Fv2%2Fcategories&post=31089"},{"taxonomy":"post_tag","embeddable":true,"href":"https:\/\/dekkbi.com\/index.php?rest_route=%2Fwp%2Fv2%2Ftags&post=31089"}],"curies":[{"name":"wp","href":"https:\/\/api.w.org\/{rel}","templated":true}]}}