{"id":31061,"date":"2024-02-10T08:47:33","date_gmt":"2024-02-10T08:47:33","guid":{"rendered":"https:\/\/dekkbi.com\/?p=31061"},"modified":"2024-02-10T08:47:34","modified_gmt":"2024-02-10T08:47:34","slug":"pres-de-2-milliards-de-personnes-ont-regarde-la-can-2023-president-caf","status":"publish","type":"post","link":"https:\/\/dekkbi.com\/?p=31061","title":{"rendered":"\u00ab\u00a0Pr\u00e8s de 2 milliards de personnes ont regard\u00e9 la CAN 2023\u00a0\u00bb (Pr\u00e9sident CAF)"},"content":{"rendered":"\n<p>iGFM (Abidjan) Le pr\u00e9sident de la Conf\u00e9d\u00e9ration Africaine de football (CAF), Dr Patrice Motsepe, a fait face \u00e0 la presse, ce vendredi \u00e0 Abidjan, pour tirer le bilan de la 34e \u00e9dition de la Coupe d&rsquo;Afrique des Nations C\u00f4te d&rsquo;Ivoire 2023, qui s&rsquo;ach\u00e8ve dimanche prochain \u00e0 l&rsquo;issue de la finale entre le Nigeria et le pays h\u00f4te.<\/p>\n\n\n\n<p>\u00ab\u00a0Pr\u00e8s de 2 milliards de personnes ont regard\u00e9 la CAN CAF TotalEnergies, C\u00f4te d&rsquo;Ivoire 2023 dans le monde entier\u00a0\u00bb,  a-t-il fait savoir. <\/p>\n\n\n\n<p>\u00ab\u00a0Nous devons \u00eatre fiers en tant qu&rsquo;Africains. La CAN 2023 est la meilleure de toute l\u2019histoire de la CAF. Ce sont 80 pays qui suivent la CAN. Nous devons \u00eatre fiers d\u2019avoir organis\u00e9 une comp\u00e9tition de cette qualit\u00e9\u00a0\u00bb, a-t-il ajout\u00e9, promettant que \u00ab\u00a0la prochaine \u00e9dition sera encore meilleure\u00a0\u00bb.<\/p>\n\n\n\n<p>Le patron du football africain a par ailleurs soutenu que \u00ab\u00a0le succ\u00e8s de l&rsquo;Afrique d\u00e9pend de la capacit\u00e9 du continent \u00e0 travailler ensemble, \u00e0 commercer ensemble et, dans le domaine du football, de la capacit\u00e9 des pays \u00e0 rivaliser et \u00e0 jouer ensemble\u00a0\u00bb.<\/p>\n\n\n\n<p>Mamadou Salif GUEYE (Envoy\u00e9 sp\u00e9cial \u00e0 Abidjan, C\u00f4te d&rsquo;Ivoire)<\/p>\n","protected":false},"excerpt":{"rendered":"<p>iGFM (Abidjan) Le pr\u00e9sident de la Conf\u00e9d\u00e9ration Africaine de football (CAF), Dr Patrice Motsepe, a fait face \u00e0 la presse,<\/p>\n","protected":false},"author":1,"featured_media":31062,"comment_status":"open","ping_status":"open","sticky":false,"template":"","format":"standard","meta":{"footnotes":""},"categories":[9],"tags":[],"class_list":["post-31061","post","type-post","status-publish","format-standard","has-post-thumbnail","hentry","category-sports"],"_links":{"self":[{"href":"https:\/\/dekkbi.com\/index.php?rest_route=\/wp\/v2\/posts\/31061","targetHints":{"allow":["GET"]}}],"collection":[{"href":"https:\/\/dekkbi.com\/index.php?rest_route=\/wp\/v2\/posts"}],"about":[{"href":"https:\/\/dekkbi.com\/index.php?rest_route=\/wp\/v2\/types\/post"}],"author":[{"embeddable":true,"href":"https:\/\/dekkbi.com\/index.php?rest_route=\/wp\/v2\/users\/1"}],"replies":[{"embeddable":true,"href":"https:\/\/dekkbi.com\/index.php?rest_route=%2Fwp%2Fv2%2Fcomments&post=31061"}],"version-history":[{"count":1,"href":"https:\/\/dekkbi.com\/index.php?rest_route=\/wp\/v2\/posts\/31061\/revisions"}],"predecessor-version":[{"id":31063,"href":"https:\/\/dekkbi.com\/index.php?rest_route=\/wp\/v2\/posts\/31061\/revisions\/31063"}],"wp:featuredmedia":[{"embeddable":true,"href":"https:\/\/dekkbi.com\/index.php?rest_route=\/wp\/v2\/media\/31062"}],"wp:attachment":[{"href":"https:\/\/dekkbi.com\/index.php?rest_route=%2Fwp%2Fv2%2Fmedia&parent=31061"}],"wp:term":[{"taxonomy":"category","embeddable":true,"href":"https:\/\/dekkbi.com\/index.php?rest_route=%2Fwp%2Fv2%2Fcategories&post=31061"},{"taxonomy":"post_tag","embeddable":true,"href":"https:\/\/dekkbi.com\/index.php?rest_route=%2Fwp%2Fv2%2Ftags&post=31061"}],"curies":[{"name":"wp","href":"https:\/\/api.w.org\/{rel}","templated":true}]}}