{"id":31052,"date":"2024-02-10T08:33:26","date_gmt":"2024-02-10T08:33:26","guid":{"rendered":"https:\/\/dekkbi.com\/?p=31052"},"modified":"2024-02-10T08:33:47","modified_gmt":"2024-02-10T08:33:47","slug":"situation-politique-au-senegal-le-secretaire-general-de-lonu-prend-la-parole","status":"publish","type":"post","link":"https:\/\/dekkbi.com\/?p=31052","title":{"rendered":"Situation politique au S\u00e9n\u00e9gal : Le Secr\u00e9taire g\u00e9n\u00e9ral de l&rsquo;Onu prend la parole !"},"content":{"rendered":"\n<p>iGFM &#8211; (Dakar) Le secr\u00e9taire g\u00e9n\u00e9ral des nations unie (Onu) vient de r\u00e9agir sur la situation tendue qui pr\u00e9vaut au S\u00e9n\u00e9gal, depuis que le pr\u00e9sident Macky Sall a engag\u00e9 le pays dans une dynamique de report de la pr\u00e9sidentielle.\u00a0Ant\u00f3nio Guterres suit de pr\u00e8s la situation qui pr\u00e9vaut actuellement au S\u00e9n\u00e9gal, lit-on sur un texte publi\u00e9 sur le site Web de l&rsquo;Organisation des nations unies. Le Secr\u00e9taire g\u00e9n\u00e9ral de l&rsquo;Onu s\u2019est dit \u00abpr\u00e9occup\u00e9 par l&rsquo;\u00e9volution de la situation au S\u00e9n\u00e9gal.\u00bb<br><br>Il appelle les acteurs nationaux \u00e0 engager le dialogue, \u00e0 maintenir un environnement politique pacifique, \u00e0 s&rsquo;abstenir de recourir \u00e0 la violence. Il demande surtout aux autorit\u00e9s s\u00e9n\u00e9galaises, \u00ab\u00e0 assurer la tenue d&rsquo;une \u00e9lection pr\u00e9sidentielle inclusive et transparente dans le cadre de la constitution s\u00e9n\u00e9galaise.<\/p>\n\n\n\n<p>Le Secr\u00e9taire g\u00e9n\u00e9ral r\u00e9affirme l\u2019engagement des Nations Unies \u00e0 continuer de soutenir la consolidation de la d\u00e9mocratie et la promotion de la paix, de la stabilit\u00e9 et du d\u00e9veloppement au S\u00e9n\u00e9gal.<\/p>\n\n\n\n<figure class=\"wp-block-embed is-type-rich is-provider-prise-en-charge-des-contenus-embarqu-s wp-block-embed-prise-en-charge-des-contenus-embarqu-s\"><div class=\"wp-block-embed__wrapper\">\nhttps:\/\/youtube.com\/watch?v=I46096zAIPk%3Frel%3D0\n<\/div><\/figure>\n","protected":false},"excerpt":{"rendered":"<p>iGFM &#8211; (Dakar) Le secr\u00e9taire g\u00e9n\u00e9ral des nations unie (Onu) vient de r\u00e9agir sur la situation tendue qui pr\u00e9vaut au<\/p>\n","protected":false},"author":1,"featured_media":5042,"comment_status":"open","ping_status":"open","sticky":false,"template":"","format":"standard","meta":{"footnotes":""},"categories":[6],"tags":[],"class_list":["post-31052","post","type-post","status-publish","format-standard","has-post-thumbnail","hentry","category-politics"],"_links":{"self":[{"href":"https:\/\/dekkbi.com\/index.php?rest_route=\/wp\/v2\/posts\/31052","targetHints":{"allow":["GET"]}}],"collection":[{"href":"https:\/\/dekkbi.com\/index.php?rest_route=\/wp\/v2\/posts"}],"about":[{"href":"https:\/\/dekkbi.com\/index.php?rest_route=\/wp\/v2\/types\/post"}],"author":[{"embeddable":true,"href":"https:\/\/dekkbi.com\/index.php?rest_route=\/wp\/v2\/users\/1"}],"replies":[{"embeddable":true,"href":"https:\/\/dekkbi.com\/index.php?rest_route=%2Fwp%2Fv2%2Fcomments&post=31052"}],"version-history":[{"count":1,"href":"https:\/\/dekkbi.com\/index.php?rest_route=\/wp\/v2\/posts\/31052\/revisions"}],"predecessor-version":[{"id":31054,"href":"https:\/\/dekkbi.com\/index.php?rest_route=\/wp\/v2\/posts\/31052\/revisions\/31054"}],"wp:featuredmedia":[{"embeddable":true,"href":"https:\/\/dekkbi.com\/index.php?rest_route=\/wp\/v2\/media\/5042"}],"wp:attachment":[{"href":"https:\/\/dekkbi.com\/index.php?rest_route=%2Fwp%2Fv2%2Fmedia&parent=31052"}],"wp:term":[{"taxonomy":"category","embeddable":true,"href":"https:\/\/dekkbi.com\/index.php?rest_route=%2Fwp%2Fv2%2Fcategories&post=31052"},{"taxonomy":"post_tag","embeddable":true,"href":"https:\/\/dekkbi.com\/index.php?rest_route=%2Fwp%2Fv2%2Ftags&post=31052"}],"curies":[{"name":"wp","href":"https:\/\/api.w.org\/{rel}","templated":true}]}}