{"id":31049,"date":"2024-02-10T08:27:31","date_gmt":"2024-02-10T08:27:31","guid":{"rendered":"https:\/\/dekkbi.com\/?p=31049"},"modified":"2024-02-10T08:28:03","modified_gmt":"2024-02-10T08:28:03","slug":"rencontre-avec-les-centrales-syndicales-des-travailleurs-les-recommandations-du-premier-ministre","status":"publish","type":"post","link":"https:\/\/dekkbi.com\/?p=31049","title":{"rendered":"Rencontre avec les centrales syndicales des travailleurs : Les recommandations du Premier Ministre"},"content":{"rendered":"\n<p>1- Le Premier Ministre recevra, une fois par semestre, les secr\u00e9taires g\u00e9n\u00e9raux des centrales syndicales de travailleurs pour \u00e9changer sur les pr\u00e9occupations majeures du monde du travail ;<\/p>\n\n\n\n<p>2- Le Ministre charg\u00e9 du Travail organisera, au plus tard la semaine prochaine, une r\u00e9union regroupant les Centrales syndicales et les points focaux minist\u00e9riels pour faire le point sur le niveau de traitement des cahiers de dol\u00e9ances et soumettra, au Premier Ministre, au plus tard fin f\u00e9vrier, un rapport g\u00e9n\u00e9ral sur l\u2019\u00e9tat de mise en \u0153uvre des engagements du Gouvernement ;<\/p>\n\n\n\n<p>3- Le Ministre charg\u00e9 de la Fonction publique, en relation avec les ministres charg\u00e9s des Finances et de l\u2019Education, examinera, les voies et moyens d\u2019apporter des solutions durables \u00e0 la situation des agents d\u00e9cisionnaires de l\u2019Education nationale ;<\/p>\n\n\n\n<p>4- Le Ministre charg\u00e9 des Finances proc\u00e9dera \u00e0 une \u00e9valuation de l\u2019impact budg\u00e9taire des revendications des travailleurs du Secteur primaire afin de soumettre, dans les meilleurs d\u00e9lais, au Gouvernement, des r\u00e9ponses appropri\u00e9es ;<\/p>\n\n\n\n<p>5- Le Ministre charg\u00e9 des Collectivit\u00e9s territoriale prendra, les dispositions appropri\u00e9es pour apporter la diligence requise \u00e0 la mise en \u0153uvre des conclusions du Comit\u00e9 ad hoc, Gouvernement et Intersyndical des Collectivit\u00e9s territoriales.<\/p>\n","protected":false},"excerpt":{"rendered":"<p>1- Le Premier Ministre recevra, une fois par semestre, les secr\u00e9taires g\u00e9n\u00e9raux des centrales syndicales de travailleurs pour \u00e9changer sur<\/p>\n","protected":false},"author":1,"featured_media":31050,"comment_status":"open","ping_status":"open","sticky":false,"template":"","format":"standard","meta":{"footnotes":""},"categories":[6],"tags":[],"class_list":["post-31049","post","type-post","status-publish","format-standard","has-post-thumbnail","hentry","category-politics"],"_links":{"self":[{"href":"https:\/\/dekkbi.com\/index.php?rest_route=\/wp\/v2\/posts\/31049","targetHints":{"allow":["GET"]}}],"collection":[{"href":"https:\/\/dekkbi.com\/index.php?rest_route=\/wp\/v2\/posts"}],"about":[{"href":"https:\/\/dekkbi.com\/index.php?rest_route=\/wp\/v2\/types\/post"}],"author":[{"embeddable":true,"href":"https:\/\/dekkbi.com\/index.php?rest_route=\/wp\/v2\/users\/1"}],"replies":[{"embeddable":true,"href":"https:\/\/dekkbi.com\/index.php?rest_route=%2Fwp%2Fv2%2Fcomments&post=31049"}],"version-history":[{"count":1,"href":"https:\/\/dekkbi.com\/index.php?rest_route=\/wp\/v2\/posts\/31049\/revisions"}],"predecessor-version":[{"id":31051,"href":"https:\/\/dekkbi.com\/index.php?rest_route=\/wp\/v2\/posts\/31049\/revisions\/31051"}],"wp:featuredmedia":[{"embeddable":true,"href":"https:\/\/dekkbi.com\/index.php?rest_route=\/wp\/v2\/media\/31050"}],"wp:attachment":[{"href":"https:\/\/dekkbi.com\/index.php?rest_route=%2Fwp%2Fv2%2Fmedia&parent=31049"}],"wp:term":[{"taxonomy":"category","embeddable":true,"href":"https:\/\/dekkbi.com\/index.php?rest_route=%2Fwp%2Fv2%2Fcategories&post=31049"},{"taxonomy":"post_tag","embeddable":true,"href":"https:\/\/dekkbi.com\/index.php?rest_route=%2Fwp%2Fv2%2Ftags&post=31049"}],"curies":[{"name":"wp","href":"https:\/\/api.w.org\/{rel}","templated":true}]}}