{"id":31014,"date":"2024-02-09T10:05:59","date_gmt":"2024-02-09T10:05:59","guid":{"rendered":"https:\/\/dekkbi.com\/?p=31014"},"modified":"2024-02-09T10:06:00","modified_gmt":"2024-02-09T10:06:00","slug":"report-de-la-presidentielle-sall-pressions-sur-macky","status":"publish","type":"post","link":"https:\/\/dekkbi.com\/?p=31014","title":{"rendered":"Report de la Pr\u00e9sidentielle: Sall pressions sur Macky"},"content":{"rendered":"\n<p><strong>La plateforme \u00abAar Sunu \u00e9lection\u00bb engage le combat contre le report de l\u2019\u00e9lection pr\u00e9sidentielle. Appelant \u00e0 une forte mobilisation des citoyens, la plateforme les invite \u00e0 se rendre \u00e0 la pri\u00e8re de ce vendredi en arborant le drapeau national en guise de protestation.&nbsp;Non sans demander aux imams et pr\u00eatres de consacrer leurs pr\u00eaches et hom\u00e9lies contre ce report.<\/strong><\/p>\n\n\n\n<p><strong>Par Amadou MBODJI \u2013&nbsp;&nbsp;<\/strong>La plateforme \u00abAar Sunu \u00e9lection\u00bb entame la lutte contre le report de l\u2019\u00e9lection pr\u00e9sidentielle d\u00e9cid\u00e9 par le Pr\u00e9sident Macky Sall et ent\u00e9rin\u00e9 par l\u2019Assembl\u00e9e nationale. C\u2019est ainsi que les membres de cette plateforme profitent de la pri\u00e8re de ce vendredi pour inviter les fid\u00e8les musulmans \u00e0 arborer les couleurs nationales en allant prier \u00e0 la mosqu\u00e9e, en guise de protestation contre cette d\u00e9cision. De la m\u00eame mani\u00e8re, leurs concitoyens chr\u00e9tiens sont invit\u00e9s, lors de la messe du dimanche, \u00e0 en faire de m\u00eame en se rendant \u00e0 l\u2019\u00e9glise. \u00abNous invitons tous les musulmans \u00e0 se rendre massivement \u00e0 la grande pri\u00e8re de ce vendredi 9 f\u00e9vrier 2024, habill\u00e9s en blanc, arborant des couleurs du drapeau national pour manifester leur col\u00e8re et indignation face \u00e0 cet affront fait au Peuple s\u00e9n\u00e9galais. Nous invitons \u00e9galement tous les chr\u00e9tiens \u00e0 se mobiliser le dimanche 11 f\u00e9vrier durant leur messe. Au regard de leur r\u00f4le important dans la soci\u00e9t\u00e9, nous demandons aux religieux, notamment aux imams et pr\u00eatres, d\u2019appeler dans leurs pr\u00eaches du vendredi et hom\u00e9lies du dimanche, au retour \u00e0 la l\u00e9galit\u00e9 constitutionnelle et au respect du calendrier \u00e9lectoral\u00bb, d\u00e9clare Ga\u00eblle Babacar Mbaye, porte-parole de \u00abAar Sunu \u00e9lection\u00bb, lors d\u2019une conf\u00e9rence de presse tenue au si\u00e8ge de ladite plateforme.&nbsp;Les membres de cette entit\u00e9 lancent un appel \u00e0 la Cour supr\u00eame pour \u00abr\u00e9tablir dans leurs droits\u00bb les citoyens s\u00e9n\u00e9galais.<\/p>\n\n\n\n<p>\u00abNous, mouvements citoyens et religieux, organisations socio-professionnelles, personnalit\u00e9s de la Soci\u00e9t\u00e9 civile, r\u00e9unis autour de la plateforme \u00abAar sunu \u00e9lection\u00bb, exigeons le r\u00e9tablissement du calendrier r\u00e9publicain.&nbsp;Nous invitons le pouvoir judiciaire, notamment le Conseil constitutionnel et la Cour supr\u00eame, \u00e0 prendre leurs responsabilit\u00e9s devant l\u2019histoire, en r\u00e9tablissant imm\u00e9diatement l\u2019ordre l\u00e9gal et constitutionnel\u00bb, affirment les animateurs de la plateforme \u00abAar sunu \u00e9lection\u00bb. C\u2019est ainsi que ces derniers invitent \u00abtous les citoyens concern\u00e9s par la pr\u00e9servation des acquis d\u00e9mocratiques \u00e0 se mobiliser massivement pour apporter une r\u00e9ponse populaire, ferme, partout dans le pays et dans la diaspora, pour emp\u00eacher cette confiscation du pouvoir\u00bb.&nbsp;Une position que \u00abAar sunu \u00e9lection\u00bb a prise apr\u00e8s avoir constat\u00e9, selon ses membres,&nbsp;que \u00able S\u00e9n\u00e9gal ne vit aucune crise politique, ni institutionnelle, qui justifie l\u2019arr\u00eat du processus \u00e9lectoral\u00bb.<\/p>\n\n\n\n<p>Dans le m\u00eame sillage, ils disent aussi avoir constat\u00e9, \u00abavec indignation, la signature par le pr\u00e9sident de la R\u00e9publique, d\u2019un d\u00e9cret\u00bb qui, selon eux,&nbsp;&nbsp;\u00abviole&nbsp;&nbsp;la Constitution\u00bb en&nbsp;\u00ababrogeant le d\u00e9cret 2023 2283 du 29\/11\/2023 portant convocation du corps \u00e9lectoral\u00bb. Une convocation du corps \u00e9lectoral \u00abdont la mise en \u0153uvre autorise le d\u00e9marrage de la campagne \u00e9lectorale le dimanche 4 f\u00e9vrier 2024, et la tenue du scrutin pr\u00e9sidentiel le 25 f\u00e9vrier 2024\u00bb, rappellent les membres de la plateforme \u00abAar sunu \u00e9lection\u00bb. Ils disent s\u2019indigner, par la m\u00eame occasion, du fait que \u00ables d\u00e9put\u00e9s ont vot\u00e9 sans d\u00e9bat la proposition de loi, qui reporterait la date de l\u2019\u00e9lection pr\u00e9sidentielle au 15 D\u00e9cembre 2024, et risquerait de prolonger le second mandat du pr\u00e9sident de la R\u00e9publique dont le terme est fix\u00e9 au 2 avril 2024\u00bb.<\/p>\n\n\n\n<p>Par rapport \u00e0 leur plan d\u2019actions pour pousser \u00able Pr\u00e9sident Macky Sall \u00e0 revenir sur sa d\u00e9cision\u00bb, les membres de \u00abAar sunu \u00e9lection\u00bb vont tenir un rassemblement, mardi prochain. Ils estiment que les modalit\u00e9s de l\u2019organisation de ce rassemblement seront communiqu\u00e9es \u00e0 la presse.<\/p>\n\n\n\n<p>Regroupant une trentaine de coalitions, la plateforme compte en son sein le Syndicat autonome de l\u2019enseignement moyen-secondaire (Saems) qui annonce la tenue d\u2019une gr\u00e8ve g\u00e9n\u00e9rale au niveau des Cem et lyc\u00e9es.<\/p>\n\n\n\n<p>Des acteurs de la Soci\u00e9t\u00e9 civile comme Moundiaye Ciss\u00e9 de l\u2019Ong 3D, le professeur Babacar Gu\u00e8ye, Dr Aboulaye Bousso et Cheikh Mbow de la Cosydep, entre autres membres, figurent parmi ceux qui animent la plateforme \u00abAar sunu \u00e9lection\u00bb.<br><br><strong>ambodji@lequotidien.sn<\/strong><\/p>\n","protected":false},"excerpt":{"rendered":"<p>La plateforme \u00abAar Sunu \u00e9lection\u00bb engage le combat contre le report de l\u2019\u00e9lection pr\u00e9sidentielle. Appelant \u00e0 une forte mobilisation des<\/p>\n","protected":false},"author":1,"featured_media":30817,"comment_status":"open","ping_status":"open","sticky":false,"template":"","format":"standard","meta":{"footnotes":""},"categories":[6],"tags":[],"class_list":["post-31014","post","type-post","status-publish","format-standard","has-post-thumbnail","hentry","category-politics"],"_links":{"self":[{"href":"https:\/\/dekkbi.com\/index.php?rest_route=\/wp\/v2\/posts\/31014","targetHints":{"allow":["GET"]}}],"collection":[{"href":"https:\/\/dekkbi.com\/index.php?rest_route=\/wp\/v2\/posts"}],"about":[{"href":"https:\/\/dekkbi.com\/index.php?rest_route=\/wp\/v2\/types\/post"}],"author":[{"embeddable":true,"href":"https:\/\/dekkbi.com\/index.php?rest_route=\/wp\/v2\/users\/1"}],"replies":[{"embeddable":true,"href":"https:\/\/dekkbi.com\/index.php?rest_route=%2Fwp%2Fv2%2Fcomments&post=31014"}],"version-history":[{"count":1,"href":"https:\/\/dekkbi.com\/index.php?rest_route=\/wp\/v2\/posts\/31014\/revisions"}],"predecessor-version":[{"id":31015,"href":"https:\/\/dekkbi.com\/index.php?rest_route=\/wp\/v2\/posts\/31014\/revisions\/31015"}],"wp:featuredmedia":[{"embeddable":true,"href":"https:\/\/dekkbi.com\/index.php?rest_route=\/wp\/v2\/media\/30817"}],"wp:attachment":[{"href":"https:\/\/dekkbi.com\/index.php?rest_route=%2Fwp%2Fv2%2Fmedia&parent=31014"}],"wp:term":[{"taxonomy":"category","embeddable":true,"href":"https:\/\/dekkbi.com\/index.php?rest_route=%2Fwp%2Fv2%2Fcategories&post=31014"},{"taxonomy":"post_tag","embeddable":true,"href":"https:\/\/dekkbi.com\/index.php?rest_route=%2Fwp%2Fv2%2Ftags&post=31014"}],"curies":[{"name":"wp","href":"https:\/\/api.w.org\/{rel}","templated":true}]}}