{"id":31009,"date":"2024-02-09T09:54:41","date_gmt":"2024-02-09T09:54:41","guid":{"rendered":"https:\/\/dekkbi.com\/?p=31009"},"modified":"2024-02-09T10:11:22","modified_gmt":"2024-02-09T10:11:22","slug":"dialogue-national-suite-au-report-de-la-presidentielle-khalifa-sall-rejette-lappel-de-macky","status":"publish","type":"post","link":"https:\/\/dekkbi.com\/?p=31009","title":{"rendered":"Dialogue national: Khalifa Sall rejette l\u2019appel de Macky"},"content":{"rendered":"\n<p><strong>Khalifa Sall rejette le dialogue national auquel convie le Pr\u00e9sident Macky Sall, suite au report de la Pr\u00e9sidentielle du 25 f\u00e9vrier 2024. Pour lui, ce nouveau dialogue ne se justifie pas.<\/strong><\/p>\n\n\n\n<p><strong>Par Ousmane SOW \u2013&nbsp;<\/strong>L\u2019ancien maire de Dakar et candidat \u00e0 la Pr\u00e9sidentielle, Khalifa Sall, a marqu\u00e9 une prise de position cat\u00e9gorique en refusant de participer au dialogue national propos\u00e9 par le pr\u00e9sident de la R\u00e9publique. Cette d\u00e9cision intervient dans le contexte du report de l\u2019\u00e9lection pr\u00e9sidentielle, initialement pr\u00e9vue le 25 f\u00e9vrier 2024.<\/p>\n\n\n\n<p>Dans une d\u00e9claration sur les ondes de la Rfm, le leader de \u00abTaxawu Senegaal\u00bb a affirm\u00e9 que ce nouveau dialogue n\u2019a pas de justification, exprimant ainsi une opposition franche \u00e0 l\u2019initiative pr\u00e9sidentielle. Khalifa Sall a affirm\u00e9 que sa principale pr\u00e9occupation actuelle est de s\u2019opposer fermement au report de l\u2019\u00e9lection pr\u00e9sidentielle, qualifiant cette action de \u00abforfaiture\u00bb. Pour lui, le dialogue national n\u2019est pas une priorit\u00e9 imm\u00e9diate, soulignant ainsi son d\u00e9saccord avec l\u2019approche du chef de l\u2019Etat, Macky Sall.<\/p>\n\n\n\n<p>Pour rappel, le 31 mai dernier, Khalifa Sall avait particip\u00e9 au dialogue national initi\u00e9 par le Pr\u00e9sident Macky Sall. Mais le leader de \u00abTaxawu Senegaal\u00bb a choisi, cette fois-ci, de prendre ses distances par rapport \u00e0 cette nouvelle invitation, d\u00e9montrant ainsi une position ferme face \u00e0 une initiative pr\u00e9sidentielle contest\u00e9e.<\/p>\n\n\n\n<p>Il faut le rappeler \u00e9galement que lors du vote par l\u2019Assembl\u00e9e nationale de la proposition de loi constitutionnelle portant d\u00e9rogation aux dispositions de l\u2019article 31 de la Constitution, introduite par le Groupe parlementaire Libert\u00e9, d\u00e9mocratie et changement, le maire de la Ville de Dakar, Barth\u00e9lemy Dias, avait soutenu que si \u00abTaxawu Senegaal\u00bb a accept\u00e9 d\u2019aller au dialogue, au mois de mai dernier, c\u2019\u00e9tait pour \u00e9viter au S\u00e9n\u00e9gal le chaos.<\/p>\n","protected":false},"excerpt":{"rendered":"<p>Khalifa Sall rejette le dialogue national auquel convie le Pr\u00e9sident Macky Sall, suite au report de la Pr\u00e9sidentielle du 25<\/p>\n","protected":false},"author":1,"featured_media":29673,"comment_status":"open","ping_status":"open","sticky":false,"template":"","format":"standard","meta":{"footnotes":""},"categories":[21],"tags":[],"class_list":["post-31009","post","type-post","status-publish","format-standard","has-post-thumbnail","hentry","category-societe"],"_links":{"self":[{"href":"https:\/\/dekkbi.com\/index.php?rest_route=\/wp\/v2\/posts\/31009","targetHints":{"allow":["GET"]}}],"collection":[{"href":"https:\/\/dekkbi.com\/index.php?rest_route=\/wp\/v2\/posts"}],"about":[{"href":"https:\/\/dekkbi.com\/index.php?rest_route=\/wp\/v2\/types\/post"}],"author":[{"embeddable":true,"href":"https:\/\/dekkbi.com\/index.php?rest_route=\/wp\/v2\/users\/1"}],"replies":[{"embeddable":true,"href":"https:\/\/dekkbi.com\/index.php?rest_route=%2Fwp%2Fv2%2Fcomments&post=31009"}],"version-history":[{"count":2,"href":"https:\/\/dekkbi.com\/index.php?rest_route=\/wp\/v2\/posts\/31009\/revisions"}],"predecessor-version":[{"id":31020,"href":"https:\/\/dekkbi.com\/index.php?rest_route=\/wp\/v2\/posts\/31009\/revisions\/31020"}],"wp:featuredmedia":[{"embeddable":true,"href":"https:\/\/dekkbi.com\/index.php?rest_route=\/wp\/v2\/media\/29673"}],"wp:attachment":[{"href":"https:\/\/dekkbi.com\/index.php?rest_route=%2Fwp%2Fv2%2Fmedia&parent=31009"}],"wp:term":[{"taxonomy":"category","embeddable":true,"href":"https:\/\/dekkbi.com\/index.php?rest_route=%2Fwp%2Fv2%2Fcategories&post=31009"},{"taxonomy":"post_tag","embeddable":true,"href":"https:\/\/dekkbi.com\/index.php?rest_route=%2Fwp%2Fv2%2Ftags&post=31009"}],"curies":[{"name":"wp","href":"https:\/\/api.w.org\/{rel}","templated":true}]}}