{"id":30999,"date":"2024-02-09T09:44:33","date_gmt":"2024-02-09T09:44:33","guid":{"rendered":"https:\/\/dekkbi.com\/?p=30999"},"modified":"2024-02-09T09:44:34","modified_gmt":"2024-02-09T09:44:34","slug":"la-cedeao-prete-a-accompagner-le-senegal-pour-le-maintien-de-sa-tradition-democratique","status":"publish","type":"post","link":"https:\/\/dekkbi.com\/?p=30999","title":{"rendered":"La CEDEAO pr\u00eate \u00e0 accompagner le S\u00e9n\u00e9gal pour le maintien de sa tradition d\u00e9mocratique"},"content":{"rendered":"\n<p>La situation politique au S\u00e9n\u00e9gal pr\u00e9occupe la Communaut\u00e9 \u00e9conomique des \u00c9tats de l\u2019Afrique de l\u2019Ouest (CEDEAO). Dans un communiqu\u00e9 de presse, la Commission de la CEDEAO soutient que l\u2019instance sous-r\u00e9gionale \u00ab\u00a0restera attentive aux \u00e9v\u00e9nements et prendra toutes les mesures n\u00e9cessaires pour accompagner le Gouvernement et le peuple s\u00e9n\u00e9galais \u00e0 maintenir la tradition d\u00e9mocratique du S\u00e9n\u00e9gal\u00a0\u00bb.<\/p>\n\n\n\n<p>En ces temps difficiles pour le pays et la r\u00e9gion, souligne le document, la Commission lance un appel \u00e0 toutes les parties prenantes pour qu\u2019elles renoncent \u00e0 la violence et \u00e0 toute action susceptible de troubler davantage la paix et la stabilit\u00e9 du pays. Elle exhorte les forces de l\u2019ordre \u00e0 faire preuve de la plus grande retenue et \u00e0 prot\u00e9ger les droits fondamentaux de tous les citoyens. Elle encourage la classe politique \u00e0 prendre de toute urgence les mesures n\u00e9cessaires pour r\u00e9tablir le calendrier \u00e9lectoral conform\u00e9ment aux dispositions de la Constitution du S\u00e9n\u00e9gal.<\/p>\n\n\n\n<p>Auparavant, l\u2019instance de la Cedeao dit suivre avec pr\u00e9occupation l\u2019\u00e9volution de la situation dans notre pays. Elle d\u00e9conseille toute action ou d\u00e9claration qui pourrait aller \u00e0 l\u2019encontre des dispositions de la Constitution du pays et rappelle \u00e0 la population et \u00e0 la classe politique leur responsabilit\u00e9 dans le maintien de la paix et de la stabilit\u00e9 dans le pays.<\/p>\n\n\n\n<p><strong>Aly DIOUF<\/strong><br>LESOLEIL<\/p>\n","protected":false},"excerpt":{"rendered":"<p>La situation politique au S\u00e9n\u00e9gal pr\u00e9occupe la Communaut\u00e9 \u00e9conomique des \u00c9tats de l\u2019Afrique de l\u2019Ouest (CEDEAO). Dans un communiqu\u00e9 de<\/p>\n","protected":false},"author":1,"featured_media":31000,"comment_status":"open","ping_status":"open","sticky":false,"template":"","format":"standard","meta":{"footnotes":""},"categories":[6],"tags":[],"class_list":["post-30999","post","type-post","status-publish","format-standard","has-post-thumbnail","hentry","category-politics"],"_links":{"self":[{"href":"https:\/\/dekkbi.com\/index.php?rest_route=\/wp\/v2\/posts\/30999","targetHints":{"allow":["GET"]}}],"collection":[{"href":"https:\/\/dekkbi.com\/index.php?rest_route=\/wp\/v2\/posts"}],"about":[{"href":"https:\/\/dekkbi.com\/index.php?rest_route=\/wp\/v2\/types\/post"}],"author":[{"embeddable":true,"href":"https:\/\/dekkbi.com\/index.php?rest_route=\/wp\/v2\/users\/1"}],"replies":[{"embeddable":true,"href":"https:\/\/dekkbi.com\/index.php?rest_route=%2Fwp%2Fv2%2Fcomments&post=30999"}],"version-history":[{"count":1,"href":"https:\/\/dekkbi.com\/index.php?rest_route=\/wp\/v2\/posts\/30999\/revisions"}],"predecessor-version":[{"id":31001,"href":"https:\/\/dekkbi.com\/index.php?rest_route=\/wp\/v2\/posts\/30999\/revisions\/31001"}],"wp:featuredmedia":[{"embeddable":true,"href":"https:\/\/dekkbi.com\/index.php?rest_route=\/wp\/v2\/media\/31000"}],"wp:attachment":[{"href":"https:\/\/dekkbi.com\/index.php?rest_route=%2Fwp%2Fv2%2Fmedia&parent=30999"}],"wp:term":[{"taxonomy":"category","embeddable":true,"href":"https:\/\/dekkbi.com\/index.php?rest_route=%2Fwp%2Fv2%2Fcategories&post=30999"},{"taxonomy":"post_tag","embeddable":true,"href":"https:\/\/dekkbi.com\/index.php?rest_route=%2Fwp%2Fv2%2Ftags&post=30999"}],"curies":[{"name":"wp","href":"https:\/\/api.w.org\/{rel}","templated":true}]}}