{"id":30996,"date":"2024-02-09T09:41:49","date_gmt":"2024-02-09T09:41:49","guid":{"rendered":"https:\/\/dekkbi.com\/?p=30996"},"modified":"2024-02-09T09:45:22","modified_gmt":"2024-02-09T09:45:22","slug":"diamniadio-plus-de-250-exposants-aux-salons-des-technologies-des-btp-de-lenergie-et-de-lautomobile","status":"publish","type":"post","link":"https:\/\/dekkbi.com\/?p=30996","title":{"rendered":"Diamniadio: salons des technologies des BTP, de l\u2019\u00e9nergie et de l\u2019automobile"},"content":{"rendered":"\n<p>Diamniadio,  (APS) \u2013 La 9<sup>e<\/sup>\u00a0\u00e9dition du Salon international de la construction, de la finition et de l\u2019infrastructure (SENCON) et la 2e \u00e9dition de SEN Auto se sont ouverts jeudi \u00e0 Diamniadio.<\/p>\n\n\n\n<p>Ces salons d\u00e9di\u00e9s aux technologies et techniques de pointe dans les BTP, les \u00e9nergies et les transports r\u00e9unissent plus de 250 exposants venus de 17 pays africains et europ\u00e9ens et des asiatiques.&nbsp;Ils vont durer trois jours.<\/p>\n\n\n\n<p>Venu pr\u00e9sider la c\u00e9r\u00e9monie d\u2019ouverture au Centre d\u2019exposition du CICAD, le ministre\u00a0du Commerce, de la consommation et des petites et moyennes entreprises, Abdou Karim Fofana, s\u2019est r\u00e9joui de \u2018\u2019l\u2019attractivit\u00e9\u00a0du march\u00e9 s\u00e9n\u00e9galais dans ce secteur\u2019\u2019.<\/p>\n\n\n\n<p>\u2018\u2019La pr\u00e9sence de plus de 250 exposants pour montrer leur savoir-faire, pour offrir leurs produits et services aux acteurs de la construction, de l\u2019automobile, de l\u2019\u00e9nergie, est la preuve que le march\u00e9 s\u00e9n\u00e9galais est attractif\u2019\u2019, a-t-il dit.<\/p>\n\n\n\n<p>Il a aussi soutenu que \u2018\u2019la pr\u00e9sence de plus de 250 entreprises dont la majorit\u00e9 vient de l\u2019\u00e9tranger montre que la destination S\u00e9n\u00e9galaise est s\u00e9cure et inspire confiance\u2019\u2019.<\/p>\n\n\n\n<p>Pour le ministre, \u2018\u2019le march\u00e9 est vraiment porteur parce qu\u2019il y a de la consommation, il y a du mat\u00e9riel de technologie pour faire \u00e9voluer le milieu du b\u00e2timent de l\u2019automobile\u2019\u2019. Il a aussi cit\u00e9 \u2018\u2019l\u2019\u00e9volution du secteur \u00e9nerg\u00e9tique et autres\u2019\u2019.<\/p>\n\n\n\n<p>\u2018\u2019J\u2019ai visit\u00e9 des stands d\u2019entreprises, il y a quatre ou cinq ans. Aujourd\u2019hui, leurs activit\u00e9s se sont d\u00e9velopp\u00e9es et sont sur toute la cha\u00eene de valeur\u2019\u2019, a-t-il salu\u00e9.<\/p>\n\n\n\n<p>Il a ajout\u00e9 que \u2018\u2019d\u2019autres entreprises internationales ont commenc\u00e9 avec un stand et se retrouvent aujourd\u2019hui avec un gros pavillon parce que le march\u00e9 s\u00e9n\u00e9galais est porteur\u2019\u2019.<\/p>\n\n\n\n<p>Modibo Diop, membre du comit\u00e9 d\u2019organisation, a expliqu\u00e9 que \u2018\u2019le but de ces salons, c\u2019est de cr\u00e9er un pont entre des hommes d\u2019affaires \u00e9trangers et le secteur priv\u00e9 national s\u00e9n\u00e9galais et sous r\u00e9gional\u2019\u2019.<\/p>\n\n\n\n<p>\u2018\u2019Nous cherchons donc \u00e0 nouer des partenariats entre ces industriels et les hommes d\u2019affaires s\u00e9n\u00e9galais et de la sous- r\u00e9gion dans les BTP, l\u2019\u00e9nergie, dans le v\u00e9hicule, le mat\u00e9riel industriel\u2019\u2019, a t-il dit.<\/p>\n\n\n\n<p>Selon lui, \u201ddes partenariats se nouent parce qu\u2019en dehors des salons, il y a des rencontres personnalis\u00e9es entre des hommes d\u2019affaires du secteur priv\u00e9 national et de la sous r\u00e9gional\u2019\u2019.<\/p>\n\n\n\n<p>La directrice des projets SENCON, Soraya Amejoud, a indiqu\u00e9 que ce salon vise \u00e0 \u201dsensibiliser le march\u00e9 s\u00e9n\u00e9galais\u2019\u2019. &nbsp;\u2018\u2019Nous sommes l\u00e0 pour sensibiliser le march\u00e9 s\u00e9n\u00e9galais et pour avoir aussi plus de visibilit\u00e9 sur le march\u00e9 international\u2019\u2019, a-t-elle dit.<\/p>\n\n\n\n<p>Selon elle, \u2018\u2019le salon se vend bien gr\u00e2ce aux soci\u00e9t\u00e9s locales et aux soci\u00e9t\u00e9s internationales qui le soutiennent chaque ann\u00e9e\u2019\u2019.<\/p>\n","protected":false},"excerpt":{"rendered":"<p>Diamniadio, (APS) \u2013 La 9e\u00a0\u00e9dition du Salon international de la construction, de la finition et de l\u2019infrastructure (SENCON) et la<\/p>\n","protected":false},"author":1,"featured_media":30997,"comment_status":"open","ping_status":"open","sticky":false,"template":"","format":"standard","meta":{"footnotes":""},"categories":[3],"tags":[],"class_list":["post-30996","post","type-post","status-publish","format-standard","has-post-thumbnail","hentry","category-event-more-news"],"_links":{"self":[{"href":"https:\/\/dekkbi.com\/index.php?rest_route=\/wp\/v2\/posts\/30996","targetHints":{"allow":["GET"]}}],"collection":[{"href":"https:\/\/dekkbi.com\/index.php?rest_route=\/wp\/v2\/posts"}],"about":[{"href":"https:\/\/dekkbi.com\/index.php?rest_route=\/wp\/v2\/types\/post"}],"author":[{"embeddable":true,"href":"https:\/\/dekkbi.com\/index.php?rest_route=\/wp\/v2\/users\/1"}],"replies":[{"embeddable":true,"href":"https:\/\/dekkbi.com\/index.php?rest_route=%2Fwp%2Fv2%2Fcomments&post=30996"}],"version-history":[{"count":2,"href":"https:\/\/dekkbi.com\/index.php?rest_route=\/wp\/v2\/posts\/30996\/revisions"}],"predecessor-version":[{"id":31002,"href":"https:\/\/dekkbi.com\/index.php?rest_route=\/wp\/v2\/posts\/30996\/revisions\/31002"}],"wp:featuredmedia":[{"embeddable":true,"href":"https:\/\/dekkbi.com\/index.php?rest_route=\/wp\/v2\/media\/30997"}],"wp:attachment":[{"href":"https:\/\/dekkbi.com\/index.php?rest_route=%2Fwp%2Fv2%2Fmedia&parent=30996"}],"wp:term":[{"taxonomy":"category","embeddable":true,"href":"https:\/\/dekkbi.com\/index.php?rest_route=%2Fwp%2Fv2%2Fcategories&post=30996"},{"taxonomy":"post_tag","embeddable":true,"href":"https:\/\/dekkbi.com\/index.php?rest_route=%2Fwp%2Fv2%2Ftags&post=30996"}],"curies":[{"name":"wp","href":"https:\/\/api.w.org\/{rel}","templated":true}]}}