{"id":30948,"date":"2024-02-08T09:55:50","date_gmt":"2024-02-08T09:55:50","guid":{"rendered":"https:\/\/dekkbi.com\/?p=30948"},"modified":"2024-02-08T09:55:50","modified_gmt":"2024-02-08T09:55:50","slug":"france-bayrou-nentrera-pas-au-gouvernement-faute-daccord-profond-sur-la-politique-a-suivre","status":"publish","type":"post","link":"https:\/\/dekkbi.com\/?p=30948","title":{"rendered":"France: Bayrou n\u2019entrera pas au gouvernement faute \u00abd&rsquo;accord profond sur la politique \u00e0 suivre\u00bb"},"content":{"rendered":"\n<p>Le remaniement annonc\u00e9 en France pour le d\u00e9but de semaine se faisait attendre. Et pour cause, Fran\u00e7ois Bayrou, qui a \u00e9t\u00e9 relax\u00e9 dans l&rsquo;affaire des assistants parlementaires des d\u00e9put\u00e9s europ\u00e9ens lundi et qui \u00e9tait pressenti pour entrer au gouvernement, a fait savoir mercredi soir 7 f\u00e9vrier que \u00e7a ne serait pas le cas.<\/p>\n\n\n\n<p>Le fauve politique que Fran\u00e7ois Bayrou avait mis en sourdine durant sept ans, le temps d&rsquo;avoir une d\u00e9cision de justice dans l&rsquo;affaire des assistants parlementaires du Modem, a resurgi. Le maire de Pau a fait savoir par le biais de l&rsquo;Agence France presse qu&rsquo;il \u00ab&nbsp;<em>n&rsquo;entrerait pas au gouvernement&nbsp;<\/em>\u00bb faute \u00ab&nbsp;<em>d&rsquo;accord profond sur la politique \u00e0 suivre<\/em>&nbsp;\u00bb.<\/p>\n\n\n\n<p>Fran\u00e7ois Bayrou identifie deux domaines sur lesquels les diff\u00e9rences d&rsquo;approche avec Emmanuel Macron, dont il \u00e9tait le principal alli\u00e9 depuis 2017, sont pour lui r\u00e9dhibitoires : \u00ab\u00a0l&rsquo;\u00e9ducation\u00a0\u00bb et \u00ab\u00a0le gouffre qui s&rsquo;est creus\u00e9 entre la province et Paris\u00a0\u00bb. Il d\u00e9clare avoir refus\u00e9 le minist\u00e8re des Arm\u00e9es.<\/p>\n\n\n\n<h2 class=\"wp-block-heading\">Coup de pression ou une vraie rupture politique dans la majorit\u00e9 ?&nbsp;<\/h2>\n\n\n\n<p>Fran\u00e7ois Bayrou avait d\u00e9sapprouv\u00e9 l&rsquo;arriv\u00e9e de Gabriel Attal \u00e0 Matignon et l&rsquo;inflexion droiti\u00e8re de la premi\u00e8re vague de nominations minist\u00e9rielles. Requinqu\u00e9 par sa relaxe, il veut donc faire entendre sa voix. La question est de savoir ce qui se joue derri\u00e8re ce rapport de force.<\/p>\n\n\n\n<p>Un d\u00e9put\u00e9 Renaissance se demande s&rsquo;il veut \u00ab&nbsp;<em>faire monter ses gars<\/em>&nbsp;\u00bb au gouvernement ou \u00ab<em>&nbsp;se d\u00e9lier les mains pour la suite<\/em>&nbsp;\u00bb. La suite, c&rsquo;est l&rsquo;apr\u00e8s Macron, la pr\u00e9sidentielle de 2027 \u00e0 laquelle Fran\u00e7ois Bayrou n&rsquo;a jamais tout \u00e0 fait ferm\u00e9 la porte. Il s&rsquo;agit de savoir si c&rsquo;est un coup de pression ou une vraie rupture politique dans la majorit\u00e9.&nbsp;<\/p>\n","protected":false},"excerpt":{"rendered":"<p>Le remaniement annonc\u00e9 en France pour le d\u00e9but de semaine se faisait attendre. Et pour cause, Fran\u00e7ois Bayrou, qui a<\/p>\n","protected":false},"author":1,"featured_media":30949,"comment_status":"open","ping_status":"open","sticky":false,"template":"","format":"standard","meta":{"footnotes":""},"categories":[6],"tags":[],"class_list":["post-30948","post","type-post","status-publish","format-standard","has-post-thumbnail","hentry","category-politics"],"_links":{"self":[{"href":"https:\/\/dekkbi.com\/index.php?rest_route=\/wp\/v2\/posts\/30948","targetHints":{"allow":["GET"]}}],"collection":[{"href":"https:\/\/dekkbi.com\/index.php?rest_route=\/wp\/v2\/posts"}],"about":[{"href":"https:\/\/dekkbi.com\/index.php?rest_route=\/wp\/v2\/types\/post"}],"author":[{"embeddable":true,"href":"https:\/\/dekkbi.com\/index.php?rest_route=\/wp\/v2\/users\/1"}],"replies":[{"embeddable":true,"href":"https:\/\/dekkbi.com\/index.php?rest_route=%2Fwp%2Fv2%2Fcomments&post=30948"}],"version-history":[{"count":1,"href":"https:\/\/dekkbi.com\/index.php?rest_route=\/wp\/v2\/posts\/30948\/revisions"}],"predecessor-version":[{"id":30950,"href":"https:\/\/dekkbi.com\/index.php?rest_route=\/wp\/v2\/posts\/30948\/revisions\/30950"}],"wp:featuredmedia":[{"embeddable":true,"href":"https:\/\/dekkbi.com\/index.php?rest_route=\/wp\/v2\/media\/30949"}],"wp:attachment":[{"href":"https:\/\/dekkbi.com\/index.php?rest_route=%2Fwp%2Fv2%2Fmedia&parent=30948"}],"wp:term":[{"taxonomy":"category","embeddable":true,"href":"https:\/\/dekkbi.com\/index.php?rest_route=%2Fwp%2Fv2%2Fcategories&post=30948"},{"taxonomy":"post_tag","embeddable":true,"href":"https:\/\/dekkbi.com\/index.php?rest_route=%2Fwp%2Fv2%2Ftags&post=30948"}],"curies":[{"name":"wp","href":"https:\/\/api.w.org\/{rel}","templated":true}]}}