{"id":30942,"date":"2024-02-08T09:49:24","date_gmt":"2024-02-08T09:49:24","guid":{"rendered":"https:\/\/dekkbi.com\/?p=30942"},"modified":"2024-02-08T09:54:10","modified_gmt":"2024-02-08T09:54:10","slug":"30942","status":"publish","type":"post","link":"https:\/\/dekkbi.com\/?p=30942","title":{"rendered":"Macky Sall renouvelle sa confiance \u00e0 Amadou Ba (officiel)"},"content":{"rendered":"\n<p>Dakar, 7 fev (APS) \u2013 Le pr\u00e9sident de la R\u00e9publique a renouvel\u00e9, mercredi, en Conseil des\u00a0ministres, sa confiance \u00e0 son Premier ministre Amadou Ba et \u00e0 l\u2019ensemble des ministres, a-t-on appris de source officielle.<\/p>\n\n\n\n<p>\u2018\u2019Le chef de l\u2019Etat a notamment renouvel\u00e9 sa confiance au Premier Ministre Amadou Ba et \u00e0 l\u2019ensemble des ministres, et demand\u00e9 au Gouvernement de prendre toutes les dispositions requises, pour l\u2019organisation dans les meilleures conditions du scrutin pr\u00e9sidentiel \u00e0 la nouvelle date fix\u00e9e\u2019\u2019, rapporte le communiqu\u00e9 du Conseil des ministres.<\/p>\n\n\n\n<p>La m\u00eame source souligne qu\u2019\u00e0 l\u2019entame de sa communication, \u2018\u2019le Pr\u00e9sident de la R\u00e9publique est revenu sur le vote par l\u2019Assembl\u00e9e nationale, de la proposition de loi fixant la nouvelle date du scrutin pr\u00e9sidentiel au 15 d\u00e9cembre 2024 en r\u00e9affirmant sa d\u00e9cision de ne pas prendre part \u00e0 l\u2019\u00e9lection\u2019\u2019.<\/p>\n\n\n\n<p>Macky Sall \u2018\u2019a particuli\u00e8rement r\u00e9it\u00e9r\u00e9 sa d\u00e9termination \u00e0 poursuivre le dialogue avec tous les acteurs politiques et les forces vives de la Nation, en vue de renforcer, d\u2019une part, notre d\u00e9mocratie \u00e0 travers un processus \u00e9lectoral transparent, libre et inclusif et, d\u2019autre part, la cr\u00e9dibilit\u00e9 de nos institutions\u2019\u2019.<\/p>\n\n\n\n<p>Le communiqu\u00e9 rapporte que \u201dle Premier Ministre a tout d\u2019abord r\u00e9it\u00e9r\u00e9 sa loyaut\u00e9 au Pr\u00e9sident de la R\u00e9publique et marqu\u00e9 son soutien \u00e0 sa d\u00e9cision du 03 f\u00e9vrier 2024 suite \u00e0 son message \u00e0 la nation\u201d.<\/p>\n\n\n\n<p>Amadou Ba \u201da \u00e9galement remerci\u00e9 le Chef de l\u2019Etat pour la confiance renouvel\u00e9e \u00e0 son endroit ainsi qu\u2019au Gouvernement en demandant aux ministres de prendre les dispositions n\u00e9cessaires pour une bonne organisation du dialogue national et la parfaite conduite du processus \u00e9lectoral\u201d, selon le texte.<\/p>\n\n\n\n<p>OID<\/p>\n","protected":false},"excerpt":{"rendered":"<p>Dakar, 7 fev (APS) \u2013 Le pr\u00e9sident de la R\u00e9publique a renouvel\u00e9, mercredi, en Conseil des\u00a0ministres, sa confiance \u00e0 son<\/p>\n","protected":false},"author":1,"featured_media":30472,"comment_status":"open","ping_status":"open","sticky":false,"template":"","format":"standard","meta":{"footnotes":""},"categories":[6],"tags":[],"class_list":["post-30942","post","type-post","status-publish","format-standard","has-post-thumbnail","hentry","category-politics"],"_links":{"self":[{"href":"https:\/\/dekkbi.com\/index.php?rest_route=\/wp\/v2\/posts\/30942","targetHints":{"allow":["GET"]}}],"collection":[{"href":"https:\/\/dekkbi.com\/index.php?rest_route=\/wp\/v2\/posts"}],"about":[{"href":"https:\/\/dekkbi.com\/index.php?rest_route=\/wp\/v2\/types\/post"}],"author":[{"embeddable":true,"href":"https:\/\/dekkbi.com\/index.php?rest_route=\/wp\/v2\/users\/1"}],"replies":[{"embeddable":true,"href":"https:\/\/dekkbi.com\/index.php?rest_route=%2Fwp%2Fv2%2Fcomments&post=30942"}],"version-history":[{"count":2,"href":"https:\/\/dekkbi.com\/index.php?rest_route=\/wp\/v2\/posts\/30942\/revisions"}],"predecessor-version":[{"id":30947,"href":"https:\/\/dekkbi.com\/index.php?rest_route=\/wp\/v2\/posts\/30942\/revisions\/30947"}],"wp:featuredmedia":[{"embeddable":true,"href":"https:\/\/dekkbi.com\/index.php?rest_route=\/wp\/v2\/media\/30472"}],"wp:attachment":[{"href":"https:\/\/dekkbi.com\/index.php?rest_route=%2Fwp%2Fv2%2Fmedia&parent=30942"}],"wp:term":[{"taxonomy":"category","embeddable":true,"href":"https:\/\/dekkbi.com\/index.php?rest_route=%2Fwp%2Fv2%2Fcategories&post=30942"},{"taxonomy":"post_tag","embeddable":true,"href":"https:\/\/dekkbi.com\/index.php?rest_route=%2Fwp%2Fv2%2Ftags&post=30942"}],"curies":[{"name":"wp","href":"https:\/\/api.w.org\/{rel}","templated":true}]}}