{"id":30938,"date":"2024-02-07T12:03:01","date_gmt":"2024-02-07T12:03:01","guid":{"rendered":"https:\/\/dekkbi.com\/?p=30938"},"modified":"2024-02-07T12:03:01","modified_gmt":"2024-02-07T12:03:01","slug":"meta-va-identifier-sur-ses-reseaux-sociaux-toute-image-generee-par-lintelligence-artificielle","status":"publish","type":"post","link":"https:\/\/dekkbi.com\/?p=30938","title":{"rendered":"Meta va identifier sur ses r\u00e9seaux sociaux toute image g\u00e9n\u00e9r\u00e9e par l&rsquo;intelligence artificielle"},"content":{"rendered":"\n<p>Le g\u00e9ant am\u00e9ricain Meta va identifier \u00ab\u00a0dans les prochains mois\u00a0\u00bb toute image g\u00e9n\u00e9r\u00e9e par l&rsquo;intelligence artificielle (IA) qui sera publi\u00e9e sur ses r\u00e9seaux sociaux, a-t-il annonc\u00e9 mardi, une mesure d\u00e9j\u00e0 en oeuvre avec son propre outil de g\u00e9n\u00e9ration d&rsquo;images.<\/p>\n\n\n\n<p>\u00ab\u00a0Dans les prochains mois, nous \u00e9tiquetterons les images que les utilisateurs publient sur Facebook, Instagram et Threads lorsque nous pourrons d\u00e9tecter des indicateurs conformes aux normes de l&rsquo;industrie indiquant qu&rsquo;elles sont g\u00e9n\u00e9r\u00e9es par l&rsquo;IA\u00a0\u00bb, a annonc\u00e9 Nick Clegg, le responsable des affaires internationales de Meta, dans une note de blog.<\/p>\n\n\n\n<p>Si Meta a d\u00e9j\u00e0 mis en place ces \u00e9tiquettes sur les images cr\u00e9\u00e9es \u00e0 partir de son outil Meta AI depuis son lancement en d\u00e9cembre, \u00ab\u00a0nous voulons pouvoir le faire aussi avec des contenus cr\u00e9\u00e9s avec des outils d&rsquo;autres entreprises\u00a0\u00bb, comme Google, OpenAI, Microsoft, Adobe, Midjourney, ou encore Shutterstock, a-t-il ajout\u00e9.<\/p>\n\n\n\n<p>\u00ab\u00a0Nous sommes en train de construire cette capacit\u00e9 d\u00e8s maintenant et, dans les prochains mois, nous commencerons \u00e0 appliquer des \u00e9tiquettes dans toutes les langues prises en charge par chaque application\u00a0\u00bb, a encore soulign\u00e9 le dirigeant.<\/p>\n\n\n\n<p>Cette annonce survient alors que l&rsquo;essor de l&rsquo;IA g\u00e9n\u00e9rative fait craindre que des personnes n&rsquo;utilisent ces outils pour semer le chaos politique, par le biais de la d\u00e9sinformation ou de la m\u00e9sinformation, \u00e0 l&rsquo;approche de plusieurs \u00e9lections majeures qui se tiendront cette ann\u00e9e dans divers pays o\u00f9 vit presque la moiti\u00e9 de la population mondiale.<\/p>\n\n\n\n<p>Si Nick Clegg admet que cet \u00e9tiquetage \u00e0 grande \u00e9chelle, par le biais notamment de marqueurs invisibles, \u00ab\u00a0n&rsquo;\u00e9liminera pas\u00a0\u00bb totalement le risque de production de fausses images (\u00ab\u00a0deepfakes\u00a0\u00bb), \u00ab\u00a0cela minimiserait certainement\u00a0\u00bb sa prolif\u00e9ration \u00ab\u00a0dans les limites de ce que la technologie permet actuellement\u00a0\u00bb.<\/p>\n\n\n\n<p>\u00ab\u00a0Ce n&rsquo;est pas parfait, la technologie n&rsquo;est pas encore tout \u00e0 fait au point, mais c&rsquo;est la tentative la plus avanc\u00e9e de toutes les plateformes jusqu&rsquo;\u00e0 pr\u00e9sent pour fournir une transparence significative \u00e0 des milliards de personnes dans le monde\u00a0\u00bb, a insist\u00e9 M. Clegg aupr\u00e8s de l&rsquo;AFP.<\/p>\n\n\n\n<p>\u00ab\u00a0J&rsquo;esp\u00e8re vraiment qu&rsquo;en faisant cela et en prenant les devants, nous inciterons le reste de l&rsquo;industrie \u00e0 travailler ensemble et \u00e0 essayer de d\u00e9velopper les normes (techniques) communes dont nous avons besoin\u00a0\u00bb, a poursuivi le dirigeant de Meta, qui se dit pr\u00eat \u00e0 \u00ab\u00a0partager\u00a0\u00bb sa technologie ouverte \u00ab\u00a0le plus largement possible\u00a0\u00bb.<\/p>\n\n\n\n<p>La soci\u00e9t\u00e9 californienne OpenAI, cr\u00e9atrice de ChatGPT, a aussi annonc\u00e9 mi-janvier le lancement d&rsquo;outils pour combattre la d\u00e9sinformation, affirmant sa volont\u00e9 de ne pas permettre l&rsquo;utilisation de ses outils technologiques, dont ChatGPT et le g\u00e9n\u00e9rateur d&rsquo;images DALL-E 3, \u00e0 des fins politiques.<\/p>\n\n\n\n<p>SOURCE TV5.ORG<\/p>\n","protected":false},"excerpt":{"rendered":"<p>Le g\u00e9ant am\u00e9ricain Meta va identifier \u00ab\u00a0dans les prochains mois\u00a0\u00bb toute image g\u00e9n\u00e9r\u00e9e par l&rsquo;intelligence artificielle (IA) qui sera publi\u00e9e<\/p>\n","protected":false},"author":1,"featured_media":10605,"comment_status":"open","ping_status":"open","sticky":false,"template":"","format":"standard","meta":{"footnotes":""},"categories":[3],"tags":[],"class_list":["post-30938","post","type-post","status-publish","format-standard","has-post-thumbnail","hentry","category-event-more-news"],"_links":{"self":[{"href":"https:\/\/dekkbi.com\/index.php?rest_route=\/wp\/v2\/posts\/30938","targetHints":{"allow":["GET"]}}],"collection":[{"href":"https:\/\/dekkbi.com\/index.php?rest_route=\/wp\/v2\/posts"}],"about":[{"href":"https:\/\/dekkbi.com\/index.php?rest_route=\/wp\/v2\/types\/post"}],"author":[{"embeddable":true,"href":"https:\/\/dekkbi.com\/index.php?rest_route=\/wp\/v2\/users\/1"}],"replies":[{"embeddable":true,"href":"https:\/\/dekkbi.com\/index.php?rest_route=%2Fwp%2Fv2%2Fcomments&post=30938"}],"version-history":[{"count":1,"href":"https:\/\/dekkbi.com\/index.php?rest_route=\/wp\/v2\/posts\/30938\/revisions"}],"predecessor-version":[{"id":30939,"href":"https:\/\/dekkbi.com\/index.php?rest_route=\/wp\/v2\/posts\/30938\/revisions\/30939"}],"wp:featuredmedia":[{"embeddable":true,"href":"https:\/\/dekkbi.com\/index.php?rest_route=\/wp\/v2\/media\/10605"}],"wp:attachment":[{"href":"https:\/\/dekkbi.com\/index.php?rest_route=%2Fwp%2Fv2%2Fmedia&parent=30938"}],"wp:term":[{"taxonomy":"category","embeddable":true,"href":"https:\/\/dekkbi.com\/index.php?rest_route=%2Fwp%2Fv2%2Fcategories&post=30938"},{"taxonomy":"post_tag","embeddable":true,"href":"https:\/\/dekkbi.com\/index.php?rest_route=%2Fwp%2Fv2%2Ftags&post=30938"}],"curies":[{"name":"wp","href":"https:\/\/api.w.org\/{rel}","templated":true}]}}