{"id":30910,"date":"2024-02-07T11:03:03","date_gmt":"2024-02-07T11:03:03","guid":{"rendered":"https:\/\/dekkbi.com\/?p=30910"},"modified":"2024-02-07T11:03:56","modified_gmt":"2024-02-07T11:03:56","slug":"pays-bas-le-dirigeant-dextreme-droite-geert-wilders-echoue-a-former-un-gouvernement-majoritaire","status":"publish","type":"post","link":"https:\/\/dekkbi.com\/?p=30910","title":{"rendered":"Pays-Bas: pas de gouvernement majoritaire"},"content":{"rendered":"\n<p>Les n\u00e9gociations sur la formation d&rsquo;une coalition aux Pays-Bas ont connu, mardi, un revers majeur avec le retrait inattendu du parti centriste Nouveau contrat social (NSC). En cause\u00a0: un diff\u00e9rend sur les finances publiques. C&rsquo;est un coup dur pour le chef de file de l&rsquo;extr\u00eame droite, Geert Wilders, qui tente de mettre sur pied un gouvernement majoritaire.<\/p>\n\n\n\n<p>Les espoirs du dirigeant d&rsquo;extr\u00eame droite\u00a0Geert Wilders\u00a0de former un gouvernement majoritaire aux\u00a0Pays-Bas\u00a0se sont effondr\u00e9s, mardi 6 f\u00e9vrier, quand un parti cl\u00e9 des n\u00e9gociations de coalition s&rsquo;est soudainement retir\u00e9 en raison d&rsquo;un diff\u00e9rend sur les finances publiques.<\/p>\n\n\n\n<p>Le Nouveau contrat social (NSC) de Pieter Omtzigt a annonc\u00e9 qu&rsquo;il en avait \u00ab\u00a0termin\u00e9\u00a0\u00bb avec ce cycle de n\u00e9gociations,&nbsp;ce qui rend impossible pour Geert Wilders, vainqueur des \u00e9lections, de former une majorit\u00e9 gouvernementale.<\/p>\n\n\n\n<p>Le NSC a d\u00e9clar\u00e9 dans une lettre \u00e0 ses membres qu&rsquo;il resterait \u00ab\u00a0constructif\u00a0\u00bb dans les n\u00e9gociations mais semble exclure la possibilit\u00e9 de si\u00e9ger dans un gouvernement majoritaire avec Geert Wilders. \u00ab\u00a0Cela pourrait \u00eatre un soutien constructif \u00e0 un gouvernement minoritaire par exemple\u00a0\u00bb, a d\u00e9clar\u00e9 le parti.<\/p>\n\n\n\n<h2 class=\"wp-block-heading\">Syst\u00e8me tr\u00e8s fragment\u00e9<\/h2>\n\n\n\n<p>Geert Wilders a remport\u00e9 les l\u00e9gislatives en novembre avec un manifeste anti-islam, climato-sceptique et islamophobe, suscitant une onde de choc aux Pays-Bas et au-del\u00e0. Mais, contrairement \u00e0 ce qui se passe au Royaume-Uni par exemple, le chef du parti victorieux ne prend pas automatiquement les r\u00eanes du pays. Dans le syst\u00e8me politique n\u00e9erlandais tr\u00e8s fragment\u00e9, o\u00f9 aucun parti n&rsquo;est assez fort pour gouverner seul, la sortie des urnes marque g\u00e9n\u00e9ralement le d\u00e9but de mois de tractations.<\/p>\n\n\n\n<p>Geert Wilders a entam\u00e9 des n\u00e9gociations avec trois autres partis, mais sans le NSC et ses 20 si\u00e8ges sur 150 au Parlement, il n&rsquo;a aucune chance de former un gouvernement majoritaire.<\/p>\n\n\n\n<p>Pieter Omtzigt avait d\u00e9j\u00e0 exprim\u00e9 son d\u00e9saccord sur des parties du manifeste de Geert Wilders consid\u00e9r\u00e9es comme anticonstitutionnelles, comme ses \u00e9l\u00e9ments anti-islam, mais aussi sur les projets de \u00ab\u00a0Nexit\u00a0\u00bb, ou une sortie des Pays-Bas de l&rsquo;UE.<\/p>\n\n\n\n<p>\u00ab\u00a0Incroyablement d\u00e9cevant\u00a0\u00bb, a \u00e9crit Geert Wilders sur X, anciennement Twitter. \u00ab\u00a0Les Pays-Bas veulent ce gouvernement et maintenant Pieter Omtzigt jette l&rsquo;\u00e9ponge alors que nous \u00e9tions encore en pourparlers jusqu&rsquo;\u00e0 aujourd&rsquo;hui. Je ne comprends pas du tout\u00a0\u00bb, a-t-il ajout\u00e9.<\/p>\n\n\n\n<h2 class=\"wp-block-heading\">\u00ab\u00a0Un peu surpris\u00a0\u00bb<\/h2>\n\n\n\n<p>Ronald Plasterk, ancien ministre aujourd&rsquo;hui charg\u00e9 de superviser les n\u00e9gociations, doit rendre compte au Parlement, au plus tard lundi, de l&rsquo;avancement des discussions. Il s&rsquo;est dit \u00ab\u00a0un peu surpris\u00a0\u00bb par cette d\u00e9cision soudaine, selon l&rsquo;agence de presse n\u00e9erlandaise ANP, ajoutant qu&rsquo;il l&rsquo;avait d\u00e9couvert via un simple message sur son t\u00e9l\u00e9phone. Son bureau avait justement envoy\u00e9 mardi soir un courriel aux journalistes disant que les quatre partis seraient \u00e0 nouveau autour de la table mercredi \u2013 ce qui ne sera donc pas le cas.<\/p>\n\n\n\n<p>Les pr\u00e9sages n&rsquo;\u00e9taient d\u00e9j\u00e0 pas positifs \u00e0 l&rsquo;approche de la date limite de lundi pour la publication du rapport tr\u00e8s attendu de Ronald Plasterk. \u00ab\u00a0Nous avons un s\u00e9rieux probl\u00e8me\u00a0\u00bb, avait averti Geert Wilders sur X, &nbsp;apr\u00e8s qu&rsquo;un \u00e9ventuel partenaire de la coalition avait permis, par son vote au S\u00e9nat, l&rsquo;adoption d&rsquo;une loi controvers\u00e9e sur l&rsquo;immigration. Geert Wilders avait ensuite qualifi\u00e9 d'\u00a0\u00bbaigrie\u00a0\u00bb Dilan Ye\u015filg\u00f6z, cheffe du parti lib\u00e9ral de centre-droit VVD, qui avait sembl\u00e9 le viser dans un discours.&nbsp;<\/p>\n\n\n\n<p><strong>Le r\u00e9sum\u00e9 de la semaine<\/strong>France 24 vous propose de revenir sur les actualit\u00e9s qui ont marqu\u00e9 la semaine<a href=\"https:\/\/emailing.france24.com\/fr\/subscribe\" target=\"_blank\" rel=\"noreferrer noopener\">Je m&rsquo;abonne<\/a><\/p>\n\n\n\n<p>Bien qu&rsquo;une r\u00e9duction de quelque 17 milliards d&rsquo;euros de d\u00e9penses apparaisse comme n\u00e9cessaire, Geert Wilders a promis des r\u00e9ductions d&rsquo;imp\u00f4ts et aucune r\u00e9duction majeure des d\u00e9penses, rendant furieux Pieter Omtzigt, r\u00e9put\u00e9 prudent en mati\u00e8re budg\u00e9taire.<\/p>\n\n\n\n<h2 class=\"wp-block-heading\">\u00ab\u00a0Promesses vides\u00a0\u00bb<\/h2>\n\n\n\n<p>\u00ab\u00a0Le NSC ne veut en aucun cas faire des promesses aux N\u00e9erlandais dont il sait d&rsquo;avance qu&rsquo;elles sont des promesses vides de sens qui ne pourront pas \u00eatre tenues pendant le prochain mandat minist\u00e9riel\u00a0\u00bb, a indiqu\u00e9 le parti dans sa lettre.<\/p>\n\n\n\n<p>Dilan Ye\u015filg\u00f6z et la derni\u00e8re membre du quatuor des n\u00e9gociations, Caroline van der Plas, du parti pro-agriculteurs BBB, ont exprim\u00e9 leur \u00e9tonnement face \u00e0 cette d\u00e9cision soudaine. \u00ab\u00a0Je suis tr\u00e8s surprise. Nous avons eu des discussions constructives, m\u00eame aujourd&rsquo;hui\u00a0\u00bb, a d\u00e9clar\u00e9 Dilan Ye\u015filg\u00f6z sur X.&nbsp;<\/p>\n\n\n\n<p>Les N\u00e9erlandais sont habitu\u00e9s \u00e0 ce que les n\u00e9gociations pour former un gouvernement durent longtemps \u2013 les derni\u00e8res ont pris 271 jours \u2013 et Mark Rutte reste Premier ministre jusqu&rsquo;\u00e0 un \u00e9ventuel accord. Geert Wilders n&rsquo;a pas h\u00e9sit\u00e9 \u00e0 \u00e9voquer de nouvelles \u00e9lections si les pourparlers \u00e9chouaient. Les derniers sondages sugg\u00e8rent m\u00eame une plus grande victoire pour le PVV, cr\u00e9dit\u00e9 de 50 si\u00e8ges sur 150, contre 37 aujourd&rsquo;hui.<\/p>\n\n\n\n<p><em>Avec AFP<\/em><\/p>\n","protected":false},"excerpt":{"rendered":"<p>Les n\u00e9gociations sur la formation d&rsquo;une coalition aux Pays-Bas ont connu, mardi, un revers majeur avec le retrait inattendu du<\/p>\n","protected":false},"author":1,"featured_media":30911,"comment_status":"open","ping_status":"open","sticky":false,"template":"","format":"standard","meta":{"footnotes":""},"categories":[51],"tags":[],"class_list":["post-30910","post","type-post","status-publish","format-standard","has-post-thumbnail","hentry","category-general"],"_links":{"self":[{"href":"https:\/\/dekkbi.com\/index.php?rest_route=\/wp\/v2\/posts\/30910","targetHints":{"allow":["GET"]}}],"collection":[{"href":"https:\/\/dekkbi.com\/index.php?rest_route=\/wp\/v2\/posts"}],"about":[{"href":"https:\/\/dekkbi.com\/index.php?rest_route=\/wp\/v2\/types\/post"}],"author":[{"embeddable":true,"href":"https:\/\/dekkbi.com\/index.php?rest_route=\/wp\/v2\/users\/1"}],"replies":[{"embeddable":true,"href":"https:\/\/dekkbi.com\/index.php?rest_route=%2Fwp%2Fv2%2Fcomments&post=30910"}],"version-history":[{"count":2,"href":"https:\/\/dekkbi.com\/index.php?rest_route=\/wp\/v2\/posts\/30910\/revisions"}],"predecessor-version":[{"id":30914,"href":"https:\/\/dekkbi.com\/index.php?rest_route=\/wp\/v2\/posts\/30910\/revisions\/30914"}],"wp:featuredmedia":[{"embeddable":true,"href":"https:\/\/dekkbi.com\/index.php?rest_route=\/wp\/v2\/media\/30911"}],"wp:attachment":[{"href":"https:\/\/dekkbi.com\/index.php?rest_route=%2Fwp%2Fv2%2Fmedia&parent=30910"}],"wp:term":[{"taxonomy":"category","embeddable":true,"href":"https:\/\/dekkbi.com\/index.php?rest_route=%2Fwp%2Fv2%2Fcategories&post=30910"},{"taxonomy":"post_tag","embeddable":true,"href":"https:\/\/dekkbi.com\/index.php?rest_route=%2Fwp%2Fv2%2Ftags&post=30910"}],"curies":[{"name":"wp","href":"https:\/\/api.w.org\/{rel}","templated":true}]}}