{"id":30907,"date":"2024-02-07T10:58:22","date_gmt":"2024-02-07T10:58:22","guid":{"rendered":"https:\/\/dekkbi.com\/?p=30907"},"modified":"2024-02-07T10:58:23","modified_gmt":"2024-02-07T10:58:23","slug":"gaza-le-hamas-propose-a-israel-un-plan-de-treve-sur-135-jours-divise-en-trois-etapes","status":"publish","type":"post","link":"https:\/\/dekkbi.com\/?p=30907","title":{"rendered":"Gaza: le Hamas propose \u00e0 Isra\u00ebl un plan de tr\u00eave sur 135 jours divis\u00e9 en trois \u00e9tapes"},"content":{"rendered":"\n<p>Le Hamas a \u00e9labor\u00e9 un projet de cessez-le-feu d&rsquo;une dur\u00e9e de quatre mois et demi divis\u00e9 en trois \u00e9tapes, susceptible de conduire \u00e0 la fin du conflit qui l&rsquo;oppose \u00e0 Isra\u00ebl depuis octobre dernier, selon une version du document que l\u2019agence Reuters a consult\u00e9e mercredi 7 f\u00e9vrier. Alors que l&rsquo;avion du secr\u00e9taire d&rsquo;\u00c9tat am\u00e9ricain Antony Blinken se posait \u00e0 Tel-Aviv, des bombardements et les combats se poursuivaient \u00e0 moins d&rsquo;une centaine de kilom\u00e8tres au Sud, dans les villes gazaouies de Khan Youn\u00e8s et Rafah, selon des t\u00e9moins.<\/p>\n\n\n\n<h2 class=\"wp-block-heading\"><strong>Ce qu&rsquo;il faut retenir :<\/strong><\/h2>\n\n\n\n<p>\u25a0 Le groupe palestinien&nbsp;<strong>Hamas a confirm\u00e9 mardi 6 f\u00e9vrier avoir remis sa r\u00e9ponse<\/strong>&nbsp;aux m\u00e9diateurs \u00e9gyptiens et qatariens&nbsp;<strong>\u00e0 une proposition de tr\u00eave formul\u00e9e<\/strong>&nbsp;fin janvier \u00e0 Paris par des responsables am\u00e9ricains, qatariens et \u00e9gyptiens. Selon Le Caire et Doha, cette&nbsp;<strong>r\u00e9ponse \u00e9tait&nbsp;<\/strong><strong>\u00ab&nbsp;<em>g\u00e9n\u00e9ralement positive<\/em>&nbsp;\u00bb<\/strong>. Isra\u00ebl a confirm\u00e9 l&rsquo;avoir re\u00e7ue et l&rsquo;\u00e9tudier.<\/p>\n\n\n\n<p>\u25a0 Alors que les autorit\u00e9s isra\u00e9liennes r\u00e9affirment leur volont\u00e9 d&rsquo;\u00e9tendre les op\u00e9rations \u00e0&nbsp;<strong>Rafah<\/strong>, dans le sud de Gaza, l&rsquo;ONU a pr\u00e9venu qu&rsquo;une&nbsp;<strong>invasion terrestre<\/strong>&nbsp;sur place pourrait \u00ab&nbsp;<em>constituer un crime de guerre<\/em>&nbsp;\u00bb. \u00c0 la fronti\u00e8re avec l&rsquo;\u00c9gypte, la ville concentre d\u00e9sormais la moiti\u00e9 de la population palestinienne, venue se r\u00e9fugier, suivant notamment des instructions isra\u00e9liennes.<\/p>\n\n\n\n<p>\u25a0 Alors que la guerre entre mercredi 7 f\u00e9vrier dans son cinqui\u00e8me mois,\u00a0<strong>Isra\u00ebl\u00a0<\/strong>a de nouveau<strong>\u00a0bombard\u00e9 Khan Youn\u00e8s<\/strong>, o\u00f9 selon lui se cachent des responsables du mouvement islamiste palestinien. Selon l&rsquo;arm\u00e9e isra\u00e9lienne, le chef du Hamas \u00e0\u00a0<strong>Gaza\u00a0<\/strong>est actuellement \u00ab\u00a0<em>en fuite<\/em>\u00a0\u00bb et se terre \u00ab<em>\u00a0de cachette en cachette<\/em>\u00a0\u00bb.<\/p>\n\n\n\n<p>\u25a0&nbsp;<strong>Le secr\u00e9taire d&rsquo;\u00c9tat am\u00e9ricain Antony Blinken est arriv\u00e9 mardi 6 f\u00e9vrier au soir \u00e0 Tel-Aviv<\/strong>, dans sa tourn\u00e9e diplomatique dans la r\u00e9gion, poursuivant les efforts en vue d&rsquo;obtenir une tr\u00eave humanitaire.<\/p>\n\n\n\n<p>\u25a0&nbsp;<strong>Au moins 31 des 136 otages isra\u00e9liens encore d\u00e9tenus par le Hamas sont morts<\/strong>, selon une \u00e9valuation interne men\u00e9e par l&rsquo;arm\u00e9e isra\u00e9lienne. Des rapports non confirm\u00e9s des services de renseignement indiquent qu&rsquo;au moins 20 autres otages pourraient \u00e9galement \u00eatre morts.<\/p>\n\n\n\n<p>\u25a0 Selon le dernier bilan du minist\u00e8re de la Sant\u00e9 du Hamas, mardi 6 f\u00e9vrier,&nbsp;<strong>27<\/strong>&nbsp;<strong>585 personnes ont \u00e9t\u00e9 tu\u00e9es \u00e0&nbsp;<a href=\"https:\/\/www.rfi.fr\/fr\/tag\/gaza\/\">Gaza<\/a><\/strong>&nbsp;depuis le d\u00e9but de la guerre, le 7 octobre dernier. Les morts sont en majorit\u00e9 des femmes, des adolescents et des enfants. On d\u00e9nombre<strong>&nbsp;66 978 bless\u00e9s.<\/strong><\/p>\n\n\n\n<p><em>Les horaires sont donn\u00e9s en temps universel (TU, soit heure de Paris -1),\u00a0<strong>cliquez ici<\/strong>\u00a0pour rafra\u00eechir.<\/em><\/p>\n\n\n\n<p><strong>10h35&nbsp;: Le pr\u00e9sident argent Javier Milei rencontre le Premier ministre isra\u00e9lien Benjamin Netanyahu \u00e0 J\u00e9rusalem<\/strong><\/p>\n\n\n\n<p>Le pr\u00e9sident argentin Javier Milei a rencontr\u00e9 le premier ministre Benjamin Netanyahu dans son bureau \u00e0 J\u00e9rusalem mercredi.<\/p>\n\n\n\n<p>Javier Milei a d\u00e9clar\u00e9 \u00e0 Benjamin Netanyahu que l&rsquo;Argentine avait l&rsquo;intention de d\u00e9signer le Hamas comme une organisation terroriste, selon un communiqu\u00e9 publi\u00e9 par le bureau du Premier ministre.<\/p>\n\n\n\n<p>Benjamin Netanyahu s&rsquo;est f\u00e9licit\u00e9 de cette mesure et a remerci\u00e9 M. Milei pour sa d\u00e9cision \u00ab&nbsp;<em>de reconna\u00eetre J\u00e9rusalem comme capitale d&rsquo;Isra\u00ebl et d&rsquo;y transf\u00e9rer la mission diplomatique<\/em>&nbsp;\u00bb [de l&rsquo;Argentine].<\/p>\n\n\n\n<p><strong>10h15\u00a0: Au quatri\u00e8me mois de la guerre Isra\u00ebl-Hamas, le dialogue semble impossible entre les deux camps, chacun submerg\u00e9 par sa propre douleur \u00e9crasante<\/strong><\/p>\n\n\n\n<p>Chacun ses morts, chacun sa douleur, le conflit sanglant en cours renvoie Palestiniens et Isra\u00e9liens dos \u00e0 dos. Depuis le 7 octobre, le dialogue semble impossible, la douleur de l\u2019autre semble ne pas exister. C\u00f4t\u00e9 palestinien, on remet syst\u00e9matiquement en doute le massacre perp\u00e9tr\u00e9 par le Hamas. C\u00f4t\u00e9 isra\u00e9lien, la soci\u00e9t\u00e9 est persuad\u00e9e que son arm\u00e9e est morale, exemplaire, et ne tue pas les civils gazaouis.<\/p>\n\n\n\n<p>Quatre mois apr\u00e8s le d\u00e9but de la guerre entre Isra\u00ebl et le Hamas,&nbsp;<em>notre envoy\u00e9 sp\u00e9cial permanent \u00e0 J\u00e9rusalem<\/em>,&nbsp;<strong>Sami Boukhelifa<\/strong>, et&nbsp;<em>notre correspondant \u00e0 Gaza,<\/em>&nbsp;<strong>Rami Al Meghari<\/strong>, ont recueilli un t\u00e9moignage d\u2019une rare objectivit\u00e9 et qui r\u00e9sume les peines des deux c\u00f4t\u00e9s.<\/p>\n\n\n\n<p><strong>9h40<\/strong>\u00a0<strong>: Le Hamas propose un plan de tr\u00eave de 4 mois et demi et pose ses conditions \u00e0 la lib\u00e9ration des otages isra\u00e9liens<\/strong><\/p>\n\n\n\n<p>Le Hamas a \u00e9labor\u00e9 un projet de cessez-le-feu d&rsquo;une dur\u00e9e de quatre mois et demi susceptible de conduire \u00e0 la fin du conflit qui l&rsquo;oppose \u00e0 Isra\u00ebl depuis octobre dernier, montre un document que l\u2019agence Reuters a consult\u00e9.<\/p>\n\n\n\n<p>Le projet ambitionne d&rsquo;aboutir \u00e0 l&rsquo;\u00e9change de combattants palestiniens et d&rsquo;otages isra\u00e9liens captur\u00e9s le 7 octobre, \u00e0 un d\u00e9but de reconstruction \u00e0 Gaza, un retrait complet des forces isra\u00e9liennes et \u00e0 une restitution de corps et de restes conserv\u00e9s de chaque c\u00f4t\u00e9.<\/p>\n\n\n\n<p>Voici un&nbsp;<strong>r\u00e9sum\u00e9 du contenu de ce projet propos\u00e9<\/strong>&nbsp;par le Hamas, r\u00e9pondant \u00e0 une proposition que lui ont adress\u00e9 la semaine derni\u00e8re des \u00e9missaires qatariens et \u00e9gyptiens qui font office de m\u00e9diateurs avec les autorit\u00e9s isra\u00e9liennes&nbsp;:<\/p>\n\n\n\n<ul class=\"wp-block-list\">\n<li>Un d\u00e9roul\u00e9 en trois phases de 45 jours chacune.<\/li>\n\n\n\n<li>Le Hamas propose de lib\u00e9rer toutes les femmes, les individus de sexe masculin \u00e2g\u00e9s de moins de 19 ans, les personnes \u00e2g\u00e9es et les malades au cours de la premi\u00e8re p\u00e9riode de 45 jours. En contrepartie, le mouvement palestinien exige la lib\u00e9ration des femmes et des enfants emprisonn\u00e9s dans les prisons isra\u00e9liennes.<\/li>\n\n\n\n<li>Lors de la deuxi\u00e8me phase, les prisonniers masculins restants seraient lib\u00e9r\u00e9s. Les d\u00e9pouilles des personnes tu\u00e9es au combat seraient \u00e9chang\u00e9es au cours de la troisi\u00e8me phase.<\/li>\n\n\n\n<li>\u00c0 la fin de la troisi\u00e8me phase, le Hamas s&rsquo;attend \u00e0 ce que les parties soient parvenues \u00e0 un accord sur la fin de la guerre.<\/li>\n\n\n\n<li>Dans un addendum, le Hamas ajoute souhaiter la lib\u00e9ration de 1&nbsp;500 prisonniers palestiniens, dont 500 seraient choisis sur une liste d&rsquo;individus condamn\u00e9s \u00e0 la perp\u00e9tuit\u00e9 en Isra\u00ebl.<\/li>\n<\/ul>\n\n\n\n<p>La tr\u00eave permettrait \u00e9galement d&rsquo;accro\u00eetre l&rsquo;acheminement de l&rsquo;aide alimentaire et d&rsquo;autres formes d&rsquo;aide \u00e0 Gaza.<\/p>\n\n\n\n<p><strong>8h30: L\u2019arm\u00e9e isra\u00e9lienne a tu\u00e9 des dizaines de combattants palestiniens \u00e0 Gaza<\/strong><\/p>\n\n\n\n<p>L&rsquo;arm\u00e9e isra\u00e9lienne a d\u00e9clar\u00e9 mercredi que ses troupes avaient tu\u00e9 des dizaines de combattants palestiniens dans la ville de Khan Youn\u00e8s, au sud de Gaza, au cours des derni\u00e8res 24 heures, a rapport\u00e9 l\u2019agence Reuters.<\/p>\n\n\n\n<p>Les soldats ont \u00e9galement localis\u00e9 de grandes quantit\u00e9s d&rsquo;armes et d\u00e9couvert d&rsquo;autres puits de tunnel dans la r\u00e9gion, a d\u00e9clar\u00e9 l&rsquo;arm\u00e9e dans un communiqu\u00e9.<\/p>\n\n\n\n<p><strong>7h45: Les forces isra\u00e9liennes ont frapp\u00e9 des camions de l&rsquo;UNRWA transportant de la nourriture, d\u00e9clare l&rsquo;organisation humanitaire<\/strong><\/p>\n\n\n\n<p>L&rsquo;Agence des Nations unies pour les r\u00e9fugi\u00e9s palestiniens (UNRWA) a d\u00e9clar\u00e9 mardi qu&rsquo;un convoi humanitaire dirig\u00e9 par l&rsquo;organisation avait \u00e9t\u00e9 bombard\u00e9 alors qu&rsquo;il transportait de la nourriture pour les habitants du nord de la bande de Gaza, pr\u00e9cisant qu&rsquo;il s&rsquo;agissait du troisi\u00e8me cas o\u00f9 les forces isra\u00e9liennes tiraient sur ses camions transportant de l&rsquo;aide.<\/p>\n\n\n\n<p>Juliette Touma, directrice de la communication de l&rsquo;UNRWA dans toutes les zones d&rsquo;op\u00e9ration, a d\u00e9clar\u00e9 \u00e0 Al Jazeera : \u00ab&nbsp;<em>C&rsquo;est la troisi\u00e8me fois qu&rsquo;un convoi humanitaire dirig\u00e9 par l&rsquo;UNRWA est touch\u00e9<\/em>&nbsp;\u00bb<em>,&nbsp;<\/em>en faisant r\u00e9f\u00e9rence \u00e0 un incident survenu lundi.<\/p>\n\n\n\n<p>L&rsquo;UNRWA a \u00e9galement publi\u00e9 des images avant et apr\u00e8s sur son compte X, qui montrent le niveau de destruction de son centre de sant\u00e9 dans le nord de la bande de Gaza. L&rsquo;organisation affirme que 84\u00a0% des centres de sant\u00e9 de Gaza ont \u00e9t\u00e9 touch\u00e9s par les attaques et que seuls quatre des 22 centres de sant\u00e9 de l&rsquo;UNRWA sont encore op\u00e9rationnels.<\/p>\n\n\n\n<p><strong>7h45: Le projet de tr\u00eave veut concilier des revendications difficilement conciliables<\/strong><\/p>\n\n\n\n<p>Si la r\u00e9ponse du Hamas \u00e0 la proposition d\u2019accord de tr\u00eave a \u00e9t\u00e9 jug\u00e9e \u00ab&nbsp;<em>globalement positive<\/em>&nbsp;\u00bb par le Premier ministre qatarien, l\u2019optimisme est encore teint\u00e9 d&rsquo;une grande prudence autour de cet accord.<\/p>\n\n\n\n<p>Car les deux parties affichent toujours des revendications difficilement conciliables, rapporte notre journaliste \u00e0 la r\u00e9daction internationale et ancien envoy\u00e9 sp\u00e9cial permanent \u00e0 J\u00e9rusalem,&nbsp;<strong>Guilhem Delteil<\/strong>.<\/p>\n\n\n\n<p>Le texte en cours de n\u00e9gociation il comprendrait notamment un nouvel accord d&rsquo;\u00e9changes d&rsquo;otages et prisonniers, mais n&rsquo;inclurait pas tous les otages isra\u00e9liens retenus dans l&rsquo;enclave palestinienne. Il ne s&rsquo;agit donc pas d&rsquo;un accord qui mettrait fin au conflit.<\/p>\n\n\n\n<p>Cette nouvelle tr\u00eave fait l&rsquo;objet de discussions depuis pr\u00e8s de deux mois et est compliqu\u00e9e \u00e0 n\u00e9gocier car, contrairement \u00e0 la premi\u00e8re tr\u00eave fin novembre qui n&rsquo;avait dur\u00e9 que 7 jours, celle-ci se veut plus durable&nbsp;: elle semble porter sur une p\u00e9riode de six semaines. Pour les m\u00e9diateurs, elle serait vue comme une premi\u00e8re pierre vers un cessez-le-feu complet. La pression sur les deux parties est donc plus forte.<\/p>\n\n\n\n<p>Le Hamas ne veut lib\u00e9rer tous les otages isra\u00e9liens sans garantie sur la fin des hostilit\u00e9s et sur l&rsquo;aide dont pourra b\u00e9n\u00e9ficier la bande de Gaza \u00e0 la fin de la guerre.<\/p>\n\n\n\n<p>Mais une fin de la guerre est difficile \u00e0 envisager pour le Premier ministre isra\u00e9lien qui avait affich\u00e9 comme objectif \u00ab&nbsp;<em>d&rsquo;\u00e9radiquer<\/em>&nbsp;\u00bb le Hamas. Or Isra\u00ebl n&rsquo;a trouv\u00e9 aucun des principaux dirigeants du mouvement \u00e0 Gaza. Pire, les brigades arm\u00e9es du Hamas offrent toujours une vive r\u00e9sistance au sol et tirent encore ponctuellement des roquettes vers le territoire isra\u00e9lien.<\/p>\n\n\n\n<p>Mettre fin aux hostilit\u00e9s sur ce bilan ressemblerait \u00e0 une d\u00e9faite pour Isra\u00ebl.<\/p>\n\n\n\n<p><strong>7h20: Les frappes et combats se poursuivent, tuant au moins 107 personnes, notamment \u00e0 Rafah<\/strong><\/p>\n\n\n\n<p>Les frappes intenses et les combats se sont poursuivis tout au long de mardi 6 f\u00e9vrier, notamment \u00e0 Rafah, la ville du sud de Gaza o\u00f9 les r\u00e9fugi\u00e9s s\u2019entassent, o\u00f9 six policiers qui s\u00e9curisaient un camion d\u2019aide ont \u00e9t\u00e9 tu\u00e9s dans une frappe. Le minist\u00e8re de la sant\u00e9 de Gaza a d\u00e9clar\u00e9 qu&rsquo;au moins 107 personnes avaient \u00e9t\u00e9 tu\u00e9es en 24 heures.<\/p>\n\n\n\n<p>\u00ab&nbsp;<em>J&rsquo;\u00e9tais devant ma maison, assis \u00e0 c\u00f4t\u00e9 de ce magasin, j&rsquo;ai vu une voiture de police passer et soudain elle a explos\u00e9<\/em>, a d\u00e9clar\u00e9 un Palestinien qui a d\u00e9crit avoir \u00e9t\u00e9 t\u00e9moin de la frappe.&nbsp;<em>Je n&rsquo;ai rien pu entendre en raison de l&rsquo;intensit\u00e9 de l&rsquo;explosion<\/em>.&nbsp;\u00bb.<\/p>\n\n\n\n<p>Alors que la ville de Rafah accueille d\u00e9sormais plus de 1,3 million de d\u00e9plac\u00e9s dans des conditions d\u00e9sesp\u00e9r\u00e9es, soit cinq fois la population initiale de cette ville adoss\u00e9e \u00e0 la fronti\u00e8re ferm\u00e9e avec l&rsquo;\u00c9gypte, Isra\u00ebl a pr\u00e9venu qu&rsquo;il pourrait envoyer dans troupes dans Rafah dans le cadre de ses op\u00e9rations contre le Hamas.<\/p>\n\n\n\n<p>Mais une telle op\u00e9ration \u00ab&nbsp;<em>dans les conditions<\/em>&nbsp;<em>actuelles<\/em>&nbsp;\u00bb, pourrait \u00ab&nbsp;<em>constituer des crimes de guerre<\/em>&nbsp;\u00bb, , a d\u00e9clar\u00e9 \u00e0 Gen\u00e8ve Jens Laerke, un porte-parole du bureau de la coordination de l&rsquo;aide humanitaire de l&rsquo;ONU (Ocha)&nbsp;: \u00ab&nbsp;<em>Une intensification des hostilit\u00e9s \u00e0 Rafah pourrait entra\u00eener des pertes de vies civiles \u00e0 grande \u00e9chelle. Nous devons faire tout ce qui est en notre pouvoir pour l&rsquo;\u00e9viter<\/em>&nbsp;\u00bb.<\/p>\n\n\n\n<p>\u00ab&nbsp;<em>Netanyahu menace d&rsquo;envahir Rafah et utilise pour excuse la pr\u00e9sence du Hamas (&#8230;) Isra\u00ebl ne s&rsquo;arr\u00eatera que quand il aura an\u00e9anti le peuple de Gaza<\/em>&nbsp;\u00bb, craint Raed al-Bardani, un d\u00e9plac\u00e9 de 32 ans.<\/p>\n\n\n\n<p><strong>6h25: Cinq morts, dont une femme et un enfant, dans une frappe isra\u00e9lienne \u00e0 Homs, selon une ONG<\/strong><\/p>\n\n\n\n<p>Dans la nuit, des frappes isra\u00e9liennes sur la r\u00e9gion de Homs, en Syrie, ont fait cinq morts dont trois civils, selon l&rsquo;Observatoire syrien des droits de l&rsquo;homme (OSDH). Parmi les trois civils se trouvaient une femme et un enfant, rapporte l\u2019ONG est affili\u00e9e \u00e0 l&rsquo;opposition syrienne, et qui a \u00e9galement annonc\u00e9 que sept autres personnes avaient \u00e9t\u00e9 bless\u00e9es dans l&rsquo;attaque, qui, selon lui, visait des zones o\u00f9 l&rsquo;arm\u00e9e syrienne et le Hezbollah sont tous deux d\u00e9ploy\u00e9s.<\/p>\n\n\n\n<p><strong>6h15<\/strong>&nbsp;<strong>: L\u2019Arabie Saoudite \u00ab&nbsp;<em>n\u2019aura pas<\/em>&nbsp;<em>de relations diplomatiques avec Isra\u00ebl<\/em>&nbsp;\u00bb sans \u00ab&nbsp;<em>un \u00c9tat palestinien&nbsp;<\/em>\u00bb<\/strong><\/p>\n\n\n\n<p>En r\u00e9ponse \u00e0 des d\u00e9clarations de la Maison Blanche, l\u2019Arabie Saoudite a affirm\u00e9 mercredi 7 f\u00e9vrier aux \u00c9tats-Unis qu\u2019\u00ab&nbsp;<em>il n\u2019y aura pas de relations diplomatiques avec Isra\u00ebl tant qu&rsquo;un \u00c9tat palestinien ne sera pas reconnu<\/em>&nbsp;\u00bb, a indiqu\u00e9 la diplomatie saoudienne. Elle fustigeait des d\u00e9clarations de la Maison Blanche qui sugg\u00e9raient des discussions \u00ab&nbsp;<em>positives<\/em>&nbsp;\u00bb depuis le d\u00e9but de la guerre \u00e0 Gaza en vue d&rsquo;une \u00e9ventuelle normalisation des relations entre le Royaume et Isra\u00ebl.<\/p>\n\n\n\n<p>En r\u00e9ponse aux propos du \u00ab&nbsp;<em>porte-parole du<\/em>&nbsp;(Conseil)&nbsp;<em>de s\u00e9curit\u00e9 national des \u00c9tats-Unis<\/em>&nbsp;(&#8230;)&nbsp;<em>la position du Royaume d&rsquo;Arabie saoudite n&rsquo;a jamais chang\u00e9 sur la question palestinienne<\/em>&nbsp;\u00bb, a indiqu\u00e9 la diplomatie saoudienne dans un communiqu\u00e9.<\/p>\n\n\n\n<p>\u00ab&nbsp;<em>Il n&rsquo;y aura pas de relations diplomatiques avec Isra\u00ebl tant qu&rsquo;un \u00c9tat palestinien ne sera pas reconnu dans les fronti\u00e8res de 1967, avec J\u00e9rusalem-Est pour capitale<\/em>&nbsp;\u00bb et que \u00ab&nbsp;<em>l&rsquo;agression<\/em>&nbsp;\u00bb \u00e0 Gaza se poursuivra, a ajout\u00e9 le minist\u00e8re saoudien.<\/p>\n\n\n\n<p>R\u00e9pondant \u00e0 une question lors d&rsquo;un point-presse \u00e0 Washington, le porte-parole du Conseil de s\u00e9curit\u00e9 nationale des \u00c9tats-Unis, entit\u00e9 qui d\u00e9pend de la Maison Blanche, John Kirby, a \u00e9voqu\u00e9 des discussions, depuis le d\u00e9but de la guerre Isra\u00ebl-Hamas le 7 octobre, \u00e0 propos d&rsquo;une normalisation des relations entre l&rsquo;Arabie saoudite et l&rsquo;\u00c9tat h\u00e9breu.<\/p>\n\n\n\n<p>L&rsquo;id\u00e9e de parvenir \u00e0 une normalisation des relations entre l&rsquo;\u00c9tat h\u00e9breu et le royaume wahhabite est en discussion depuis qu&rsquo;Isra\u00ebl a formalis\u00e9 des liens avec les \u00c9mirats arabes unis et Bahre\u00efn, deux pays voisins de l&rsquo;Arabie saoudite.<\/p>\n\n\n\n<p><strong>5h50<\/strong>&nbsp;<strong>: Quatre mois apr\u00e8s le d\u00e9but de la guerre, l\u2019unit\u00e9 isra\u00e9lienne semble plus fragile que jamais<\/strong><\/p>\n\n\n\n<p>La guerre entre Isra\u00ebl et le Hamas est entr\u00e9e mercredi 7 f\u00e9vrier dans son quatri\u00e8me, et ont nul n\u2019en sort indemne. Malgr\u00e9 une apparente coh\u00e9sion, des tensions refont surface au sein de la soci\u00e9t\u00e9 isra\u00e9lienne. Les priorit\u00e9s divergent. Les uns se battent pour le retour des otages. Les autres, l\u2019extr\u00eame droite en particulier, se battent pour la \u00ab&nbsp;<em>reconqu\u00eate<\/em>&nbsp;\u00bb : ils souhaitent \u00ab&nbsp;<em>recoloniser Gaza<\/em>&nbsp;\u00bb.<\/p>\n\n\n\n<p>Alors que plus de 27&nbsp;000 personnes sont mortes \u00e0 Gaza, sous les bombes isra\u00e9liennes, l\u2019\u00c9tat h\u00e9breu a enterr\u00e9 les pr\u00e8s de 1&nbsp;200 victimes de l\u2019attaque du 7 octobre. Et depuis, il poursuit avec acharnement sa lutte pour accomplir son premier objectif de guerre : \u00ab&nbsp;<em>\u00e9radiquer le Hamas<\/em>&nbsp;\u00bb.<\/p>\n","protected":false},"excerpt":{"rendered":"<p>Le Hamas a \u00e9labor\u00e9 un projet de cessez-le-feu d&rsquo;une dur\u00e9e de quatre mois et demi divis\u00e9 en trois \u00e9tapes, susceptible<\/p>\n","protected":false},"author":1,"featured_media":30908,"comment_status":"open","ping_status":"open","sticky":false,"template":"","format":"standard","meta":{"footnotes":""},"categories":[51],"tags":[],"class_list":["post-30907","post","type-post","status-publish","format-standard","has-post-thumbnail","hentry","category-general"],"_links":{"self":[{"href":"https:\/\/dekkbi.com\/index.php?rest_route=\/wp\/v2\/posts\/30907","targetHints":{"allow":["GET"]}}],"collection":[{"href":"https:\/\/dekkbi.com\/index.php?rest_route=\/wp\/v2\/posts"}],"about":[{"href":"https:\/\/dekkbi.com\/index.php?rest_route=\/wp\/v2\/types\/post"}],"author":[{"embeddable":true,"href":"https:\/\/dekkbi.com\/index.php?rest_route=\/wp\/v2\/users\/1"}],"replies":[{"embeddable":true,"href":"https:\/\/dekkbi.com\/index.php?rest_route=%2Fwp%2Fv2%2Fcomments&post=30907"}],"version-history":[{"count":1,"href":"https:\/\/dekkbi.com\/index.php?rest_route=\/wp\/v2\/posts\/30907\/revisions"}],"predecessor-version":[{"id":30909,"href":"https:\/\/dekkbi.com\/index.php?rest_route=\/wp\/v2\/posts\/30907\/revisions\/30909"}],"wp:featuredmedia":[{"embeddable":true,"href":"https:\/\/dekkbi.com\/index.php?rest_route=\/wp\/v2\/media\/30908"}],"wp:attachment":[{"href":"https:\/\/dekkbi.com\/index.php?rest_route=%2Fwp%2Fv2%2Fmedia&parent=30907"}],"wp:term":[{"taxonomy":"category","embeddable":true,"href":"https:\/\/dekkbi.com\/index.php?rest_route=%2Fwp%2Fv2%2Fcategories&post=30907"},{"taxonomy":"post_tag","embeddable":true,"href":"https:\/\/dekkbi.com\/index.php?rest_route=%2Fwp%2Fv2%2Ftags&post=30907"}],"curies":[{"name":"wp","href":"https:\/\/api.w.org\/{rel}","templated":true}]}}