{"id":3090,"date":"2022-11-10T13:34:57","date_gmt":"2022-11-10T13:34:57","guid":{"rendered":"https:\/\/dekkbi.com\/?p=3090"},"modified":"2022-11-10T13:34:58","modified_gmt":"2022-11-10T13:34:58","slug":"guediawaye-paix-des-braves-a-wakhinane-nimzath-les-maires-ahmed-aidara-et-racine-talla-fument-le-calumet-de-la-paix","status":"publish","type":"post","link":"https:\/\/dekkbi.com\/?p=3090","title":{"rendered":"Gu\u00e9diawaye \u2013 Paix des braves \u00e0 Wakhinane-Nimzath : Les maires Ahmed A\u00efdara et Racine Talla fument le calumet de la paix"},"content":{"rendered":"\n<p><strong>Un \u00e9v\u00e8nement important s\u2019est d\u00e9roul\u00e9 hier au si\u00e8ge de la mairie de Wakhinane-Nimzath \u00e0 Gu\u00e9diawaye. Il s\u2019agissait des retrouvailles des maires Ahmed A\u00efdara, de la Ville, et de Racine Talla, de Wakhinane-Nimzath, qui ont d\u00e9cid\u00e9 d\u2019enterrer la hache de la guerre pour l\u2019int\u00e9r\u00eat de leurs \u00e9lecteurs.<\/strong><\/p>\n\n\n\n<p><strong>Par Abdou Latif MANSARAY \u2013<\/strong>&nbsp;Le maire de la Ville de Gu\u00e9diawaye, Ahmed A\u00efdara, et Racine Talla, maire de la commune de Wakhinane-Nimzath, ont d\u00e9cid\u00e9 d\u2019enterrer la hache de guerre et de mutualiser leurs forces pour le d\u00e9veloppement du d\u00e9partement de Gu\u00e9\u00addiawaye. Racine Talla, qui a re\u00e7u le maire de la Ville, lui a indiqu\u00e9 que \u00abs\u2019il s\u2019agit de travailler, mes portes vous sont grandement&nbsp; ouvertes\u00bb. Les deux hommes politiques ont soulign\u00e9 que Gu\u00e9diawaye est une ville civilis\u00e9e. \u00abApr\u00e8s la politique, vient le temps du travail. C\u2019est un sacerdoce que nous avons envers les populations. Aujourd\u2019hui, j\u2019ai senti un maire qui connait ses pr\u00e9occupations et qui a d\u00e9gag\u00e9 ses priorit\u00e9s. Il sait ce qu\u2019il veut, et ce qu\u2019il veut, il l\u2019a exprim\u00e9 tr\u00e8s clairement. J\u2019ai beaucoup insist\u00e9 sur la n\u00e9cessit\u00e9 pour chaque commune, de se doter d\u2019un plan de d\u00e9veloppement communal, parce que c\u2019est l\u2019instrument qui va permettre au maire de Ville non seulement de voir les sp\u00e9cificit\u00e9s, mais aussi d\u2019\u00eatre en synergie pour une rationalisation des interventions pour une plus grande efficacit\u00e9. Parce qu\u2019il y a des projets o\u00f9 il ne servira \u00e0 rien que chaque commune initie un projet personnel alors qu\u2019on peut confier \u00e0 la ville certains projets d\u2019envergure et dont b\u00e9n\u00e9ficieront toutes les populations, et c\u2019est \u00e7a qui est important\u00bb, a indiqu\u00e9 le maire Talla, entour\u00e9 des conseillers des deux entit\u00e9s.<\/p>\n\n\n\n<p>Dans la salle, r\u00e9gnait une ambiance bon enfant. Ce fut un grand moment de retrouvailles pour certains qui ne se parlaient plus depuis plusieurs mois. Le maire de Wakhinane-Nimzath poursuivra son discours en d\u00e9clarant : \u00abNous avons \u00e9t\u00e9 \u00e9lus pour satisfaire les besoins des populations. Et avant de satisfaire les besoins, il faut d\u2019abord les identifier. Il faut planifier \u00e9galement la mani\u00e8re de faire parce que rien ne se fait spontan\u00e9ment. Parce qu\u2019on travaille avec un Etat central, on compte sur des recettes, etc.\u00bb De ce fait, pour Racine Talla, la r\u00e9ussite de leur mission impose que les c\u0153urs s\u2019unissent pour que l\u2019intercommunalit\u00e9 puisse fonctionner. Il a, \u00e0 l\u2019occasion, inform\u00e9 le maire Ahmed A\u00efdara que le chef de l\u2019Etat sera \u00e0 Gu\u00e9diawaye pour la pose de la premi\u00e8re pierre d\u2019un centre de formation professionnel. \u00abEt \u00e0 cette occasion, monsieur le maire Ahmed A\u00efdara et moi serons ensemble parce qu\u2019il s\u2019agit d\u2019institutions. Je ne reviendrai pas sur les autres choses parce qu\u2019aujourd\u2019hui nous sommes l\u00e0 pour les populations.\u00bb Sans manquer de taquiner M. A\u00efdara en lui lan\u00e7ant&nbsp;: \u00abTu \u00e9tais venu ici nous jeter des pierres, aujourd\u2019hui tu es l\u00e0 chez toi.\u00bb Des propos qui ont plong\u00e9 la salle dans une hilarit\u00e9 totale.<\/p>\n\n\n\n<p><strong>\u00abJe suis un opposant et je le resterai jusqu\u2019\u00e0 l\u2019\u00e9lection pr\u00e9sidentielle\u00bb<\/strong><br>Dans sa r\u00e9ponse, le maire Ahmed A\u00efdara a tenu \u00e0 pr\u00e9ciser qu\u2019il \u00e9tait venu voir Racine Talla non seulement en tant que son grand-fr\u00e8re, mais \u00e9galement dans le cadre du travail. \u00abCe qui, d\u2019ailleurs, est normal, parce qu\u2019il y a un temps pour la politique et un temps pour le travail. La mairie est un d\u00e9membrement de l\u2019Etat. Gu\u00e9diawaye a 5 communes, plus la ville. Et dans le cadre de l\u2019intercommunalit\u00e9, la ville a l\u2019obligation d\u2019intervenir dans les 5 communes. J\u2019ai \u00e9chang\u00e9 avec le maire Racine sur le projet du cr\u00e9dit municipal qui sera d\u00e9partemental. Un centre de formation professionnel, ainsi que des plans de d\u00e9veloppement communal comme d\u00e9partemental. Pour ce qui concerne le littoral, nous avons entendu les probl\u00e8mes. Les populations de Gu\u00e9diawaye doivent b\u00e9n\u00e9ficier du site, de m\u00eame que le centre de recherche.\u00bb Sur un autre plan, le maire de la Ville a fait savoir \u00e0 l\u2019assistance que l\u2019\u00e9lection pr\u00e9sidentielle approche. \u00abJe suis de l\u2019opposition, lui, Racine Talla, est du pouvoir. En 2024, je serai dans l\u2019opposition, moi Ahmed A\u00ef\u00addara.\u00bb Et pour maintenir la taquinerie, il pr\u00e9cisera \u00e0 son tour&nbsp;:&nbsp;\u00abCe n\u2019\u00e9tait pas moi qui jetais des pierres sur ta mairie.\u00bb<\/p>\n\n\n\n<p>Quand la nouvelle de la rencontre s\u2019est r\u00e9pandue dans la commune, des citoyens ont afflu\u00e9 au niveau de la mairie pour immortaliser les retrouvailles entre les deux hommes politiques.<br><strong>latifmansaray@lequotidien.sn<\/strong><\/p>\n","protected":false},"excerpt":{"rendered":"<p>Un \u00e9v\u00e8nement important s\u2019est d\u00e9roul\u00e9 hier au si\u00e8ge de la mairie de Wakhinane-Nimzath \u00e0 Gu\u00e9diawaye. Il s\u2019agissait des retrouvailles des<\/p>\n","protected":false},"author":1,"featured_media":3091,"comment_status":"open","ping_status":"open","sticky":false,"template":"","format":"standard","meta":{"footnotes":""},"categories":[6],"tags":[],"class_list":["post-3090","post","type-post","status-publish","format-standard","has-post-thumbnail","hentry","category-politics"],"_links":{"self":[{"href":"https:\/\/dekkbi.com\/index.php?rest_route=\/wp\/v2\/posts\/3090","targetHints":{"allow":["GET"]}}],"collection":[{"href":"https:\/\/dekkbi.com\/index.php?rest_route=\/wp\/v2\/posts"}],"about":[{"href":"https:\/\/dekkbi.com\/index.php?rest_route=\/wp\/v2\/types\/post"}],"author":[{"embeddable":true,"href":"https:\/\/dekkbi.com\/index.php?rest_route=\/wp\/v2\/users\/1"}],"replies":[{"embeddable":true,"href":"https:\/\/dekkbi.com\/index.php?rest_route=%2Fwp%2Fv2%2Fcomments&post=3090"}],"version-history":[{"count":1,"href":"https:\/\/dekkbi.com\/index.php?rest_route=\/wp\/v2\/posts\/3090\/revisions"}],"predecessor-version":[{"id":3092,"href":"https:\/\/dekkbi.com\/index.php?rest_route=\/wp\/v2\/posts\/3090\/revisions\/3092"}],"wp:featuredmedia":[{"embeddable":true,"href":"https:\/\/dekkbi.com\/index.php?rest_route=\/wp\/v2\/media\/3091"}],"wp:attachment":[{"href":"https:\/\/dekkbi.com\/index.php?rest_route=%2Fwp%2Fv2%2Fmedia&parent=3090"}],"wp:term":[{"taxonomy":"category","embeddable":true,"href":"https:\/\/dekkbi.com\/index.php?rest_route=%2Fwp%2Fv2%2Fcategories&post=3090"},{"taxonomy":"post_tag","embeddable":true,"href":"https:\/\/dekkbi.com\/index.php?rest_route=%2Fwp%2Fv2%2Ftags&post=3090"}],"curies":[{"name":"wp","href":"https:\/\/api.w.org\/{rel}","templated":true}]}}