{"id":3088,"date":"2022-11-10T13:32:53","date_gmt":"2022-11-10T13:32:53","guid":{"rendered":"https:\/\/dekkbi.com\/?p=3088"},"modified":"2022-11-10T13:32:55","modified_gmt":"2022-11-10T13:32:55","slug":"communique-du-conseil-des-ministres-macky-sall-met-la-pression-sur-amadou-ba-et-son","status":"publish","type":"post","link":"https:\/\/dekkbi.com\/?p=3088","title":{"rendered":"Communiqu\u00e9 du Conseil des ministres: Macky Sall met la pression sur Amadou Ba et son&#8230;"},"content":{"rendered":"\n<h3 class=\"wp-block-heading\">Le Conseil des ministres s\u2019est tenu le mercredi 09 novembre 2022 au Palais de la R\u00e9publique, sous la pr\u00e9sidence du Chef de l\u2019Etat, son Excellence, Monsieur Macky SALL.<\/h3>\n\n\n\n<p>A l\u2019entame de sa communication, le Chef de l\u2019Etat s\u2019est f\u00e9licit\u00e9 du succ\u00e8s des concertations nationales sur la lutte contre la vie ch\u00e8re \u00e0 travers un processus participatif qui a abouti, le samedi 05 novembre, \u00e0 l\u2019issue d\u2019un Conseil national sp\u00e9cial de la Consommation, \u00e0 la prise de onze (11) d\u00e9cisions majeures visant la baisse significative des prix des denr\u00e9es et produits de consommation courante, ainsi que la r\u00e9gulation des co\u00fbts de certains services essentiels, comme les loyers.<\/p>\n\n\n\n<p>Le Pr\u00e9sident de la R\u00e9publique a f\u00e9licit\u00e9 les acteurs \u00e9conomiques (commer\u00e7ants, importateurs, industriels, patronat), les associations de consommateurs, le Gouvernement et les administrations impliqu\u00e9es, qui, dans un \u00e9lan solidaire d\u2019engagement et de partenariat, ont contribu\u00e9 \u00e0 la baisse des prix et la finalisation des autres mesures d\u2019accompagnement. Ceci, dans le but de s\u00e9curiser durablement l\u2019approvisionnement du pays ; de maitriser la structure des prix ; de relancer l\u2019industrie nationale ; de d\u00e9velopper les fili\u00e8res agricoles, d\u2019\u00e9levage et des p\u00eaches dans le cadre de la politique de souverainet\u00e9<br>alimentaire et de promotion du Consommer local.<\/p>\n\n\n\n<p>A cet effet, le Chef de l\u2019Etat a invit\u00e9 le Premier Ministre et le Ministre du Commerce, de la Consommation et des PME, \u00e0 prendre tous les actes r\u00e9glementaires d\u2019application effective des prix fix\u00e9s, dans l\u2019esprit des consensus et d\u00e9cisions des concertations.<\/p>\n\n\n\n<p>Le Pr\u00e9sident de la R\u00e9publique a \u00e9galement exhort\u00e9 le Gouvernement \u00e0 poursuivre, sans rel\u00e2che, le dialogue constructif avec les consommateurs et les acteurs de l\u2019\u00e9conomie nationale, afin d\u2019assurer une r\u00e9gulation soutenue des activit\u00e9s dans l\u2019ensemble des secteurs, notamment la Sant\u00e9, dont la nomenclature des services et le dispositif r\u00e9glementaire d\u2019encadrement des tarifs, doivent \u00eatre actualis\u00e9s, par les ministres en charge de la Sant\u00e9 et du Commerce, avant fin novembre 2022.<\/p>\n\n\n\n<p>Le Chef de l\u2019Etat a particuli\u00e8rement rappel\u00e9, la n\u00e9cessit\u00e9 de doter l\u2019Administration du Commerce de moyens ad\u00e9quats pour mieux assurer ses missions de contr\u00f4le des prix et de veille sur la concurrence saine dans les secteurs de l\u2019\u00e9conomie.<\/p>\n\n\n\n<p>Le Pr\u00e9sident de la R\u00e9publique a demand\u00e9, \u00e0 ce sujet, au Ministre du Commerce, de pr\u00e9senter, avant la fin de l\u2019ann\u00e9e, un nouveau dispositif de renforcement de la concurrence au S\u00e9n\u00e9gal.<\/p>\n\n\n\n<p>S\u2019agissant de la strat\u00e9gie portuaire nationale, le Chef de l\u2019Etat a demand\u00e9 au Premier Ministre et au Ministre des P\u00eaches et de l\u2019Economie maritime d\u2019accentuer les r\u00e9formes de ce secteur en vue de garantir le fonctionnement continu et optimal du Port Autonome de Dakar, ainsi que les performances de cette entit\u00e9 n\u00e9vralgique de l\u2019\u00e9conomie nationale.<\/p>\n\n\n\n<p>Le Chef de l\u2019Etat a, enfin, demand\u00e9 au Premier Ministre de veiller particuli\u00e8rement :<\/p>\n\n\n\n<p>\u2022 au suivi permanent du secteur des cimenteries, au regard de ses implications dans les programmes de constructions de logement ;<\/p>\n\n\n\n<p>\u2022 \u00e0 l\u2019encadrement du fonctionnement des usines de fabrication du fer \u00e0 b\u00e9ton et les activit\u00e9s des acteurs de la collecte, de la distribution et de l\u2019exportation de la ferraille ;<\/p>\n\n\n\n<p>\u2022 \u00e0 la pr\u00e9sentation d\u2019un rapport mensuel sur l\u2019\u00e9tat d\u2019application des d\u00e9cisions issues des concertations sur la lutte contre la vie ch\u00e8re.<\/p>\n\n\n\n<p>Revenant sur la campagne de commercialisation arachidi\u00e8re 2022-2023, qui s\u2019ouvre officiellement le 21 novembre 2022, le Pr\u00e9sident de la R\u00e9publique a d\u00e9cid\u00e9 de fixer le prix plancher d\u2019achat au producteur du kilogramme d\u2019arachide \u00e0 275 FCFA contre 250 FCFA lors de la pr\u00e9c\u00e9dente campagne.<\/p>\n\n\n\n<p>Abordant l\u2019ex\u00e9cution des projets de promotion de la formation professionnelle et technique, le Pr\u00e9sident de la R\u00e9publique a rappel\u00e9 au Gouvernement l\u2019importance de la valorisation du capital humain dans le Plan S\u00e9n\u00e9gal Emergent (PSE).<\/p>\n\n\n\n<p>A cet effet, le Chef de l\u2019Etat a soulign\u00e9 le caract\u00e8re prioritaire de la formation professionnelle et technique qui n\u00e9cessite l\u2019ex\u00e9cution optimale de l\u2019ensemble des projets et programmes de d\u00e9veloppement du secteur, avec la r\u00e9alisation des centres de formation professionnelle d\u00e9partementaux et le d\u00e9ploiement du Fonds de Financement de la Formation professionnelle et technique (3FPT).<\/p>\n\n\n\n<p>A cet \u00e9gard, le Pr\u00e9sident de la R\u00e9publique a rappel\u00e9 la n\u00e9cessit\u00e9 d\u2019une \u00e9valuation des interventions territoriales, techniques et financi\u00e8res des guichets du 3FPT, notamment, dans le cadre du programme \u00ab XEYU NDAW NI \u00bb.<\/p>\n\n\n\n<p>Le Chef de l\u2019Etat a, enfin, demand\u00e9 au Gouvernement de faire le bilan exhaustif des actions du 3FPT, depuis sa cr\u00e9ation en 2014, et de communiquer davantage sur les possibilit\u00e9s de soutien en termes de formation et d\u2019apprentissage offertes par la structure.<\/p>\n\n\n\n<p>S\u2019agissant de la maitrise strat\u00e9gique des patrimoines foncier et b\u00e2ti de l\u2019Etat, le Pr\u00e9sident de la R\u00e9publique a rappel\u00e9 au Gouvernement, l\u2019urgence d\u2019assurer la maitrise des donn\u00e9es exhaustives de l\u2019immobilier de l\u2019Etat, \u00e0 travers la num\u00e9risation int\u00e9grale du cadastre et le respect scrupuleux des processus domaniaux.<\/p>\n\n\n\n<p>A ce titre, le Chef de l\u2019Etat a invit\u00e9 le Ministre en charge des Domaines et le Ministre, Secr\u00e9taire g\u00e9n\u00e9ral de la Pr\u00e9sidence de la R\u00e9publique, \u00e0 finaliser, dans les meilleurs d\u00e9lais, le recensement national du Patrimoine B\u00e2ti de l\u2019Etat afin de construire une base nationale num\u00e9ris\u00e9e exhaustive et cr\u00e9dible de la Conservation fonci\u00e8re et de l\u2019immobilier des collectivit\u00e9s publiques.<\/p>\n\n\n\n<p>Sur le climat social et le suivi des affaires int\u00e9rieures, le Pr\u00e9sident de la R\u00e9publique a insist\u00e9 sur les dossiers suivants :<\/p>\n\n\n\n<p>\u2022 la campagne nationale de vaccination du Cheptel et du d\u00e9veloppement du secteur de l\u2019Elevage, en demandant au Ministre de<br>l\u2019Elevage et des productions animales d\u2019acc\u00e9l\u00e9rer, dans toutes les r\u00e9gions du S\u00e9n\u00e9gal, le d\u00e9ploiement de la campagne de vaccination du Cheptel afin d\u2019assurer la s\u00e9curit\u00e9 sanitaire du b\u00e9tail, conform\u00e9ment aux orientations et objectifs du Plan national de D\u00e9veloppement de l\u2019Elevage ;<\/p>\n\n\n\n<p>En outre, le Pr\u00e9sident de la R\u00e9publique a demand\u00e9 au Ministre de l\u2019Elevage de pr\u00e9parer, avec l\u2019ensemble des acteurs du secteur, la c\u00e9l\u00e9bration de la prochaine journ\u00e9e nationale de l\u2019Elevage pr\u00e9vue \u00e0 Tambacounda.<\/p>\n\n\n\n<p>\u2022 le plan national d\u2019action de lutte contre la traite des personnes, en invitant le Premier Ministre et le Garde des Sceaux, Ministre de la Justice \u00e0 faire pr\u00e9senter, avant fin novembre 2022, un rapport d\u2019\u00e9valuation de l\u2019\u00e9tat d\u2019ex\u00e9cution du Plan national d\u2019action de lutte contre la traite des personnes (2021-2023).<\/p>\n\n\n\n<p>Abordant la victoire des lions du beach soccer et la participation du S\u00e9n\u00e9gal \u00e0 la coupe du monde de football au Qatar, le Pr\u00e9sident de la R\u00e9publique a adress\u00e9 ses chaleureuses f\u00e9licitations aux \u00ab Lions du Beach Soccer \u00bb qui ont remport\u00e9, au Mozambique, la 7\u00e8me \u00e9dition de la Coupe d\u2019Afrique des nations 2022 de la discipline.<\/p>\n\n\n\n<p>Le Chef de l\u2019Etat a encourag\u00e9, dans la m\u00eame dynamique, le Ministre des Sports, la F\u00e9d\u00e9ration S\u00e9n\u00e9galaise de Football, les joueurs de l\u2019\u00e9quipe nationale, \u00ab les Lions \u00bb, Champions d\u2019Afrique en Titre, et leur encadrement technique, \u00e0 r\u00e9aliser une participation remarquable du S\u00e9n\u00e9gal \u00e0 la Coupe du monde de Football qui se d\u00e9roulera du 20 novembre au 18 d\u00e9cembre 2022 au Qatar.<\/p>\n\n\n\n<p>Le Pr\u00e9sident de la R\u00e9publique a soulign\u00e9 l\u2019importance des dispositions logistiques et financi\u00e8res prises par l\u2019Etat pour une bonne pr\u00e9paration et une participation, dans les meilleures conditions de performances, des \u00ab Lions du Football \u00bb au Mondial.<\/p>\n\n\n\n<p>Au sujet de son agenda diplomatique, le Chef de l\u2019Etat a inform\u00e9 le Conseil de sa participation les 7 et 8 novembre 2022, \u00e0 Sharm El Cheikh, au segment des Chefs d\u2019Etat et de Gouvernement, de la 27 \u00e8me Conf\u00e9rence des Parties (COP 27) \u00e0 la Convention cadre des Nations unies sur les Changements climatiques, lors duquel il a rappel\u00e9 l\u2019imp\u00e9ratif d\u2019une transition verte juste et \u00e9quitable.<\/p>\n\n\n\n<p>Dans sa communication, le Premier Ministre a abord\u00e9 les points suivants :<\/p>\n\n\n\n<p>\u2022 la r\u00e9union interminist\u00e9rielle sur la mise en \u0153uvre des mesures de lutte contre la vie ch\u00e8re ;<\/p>\n\n\n\n<p>\u2022 la c\u00e9r\u00e9monie d\u2019ouverture du Forum international des Femmes entrepreneures d\u2019Afrique et de sa Diaspora, \u00e9dition 2022 ;<\/p>\n\n\n\n<p>\u2022 la r\u00e9union sur l\u2019Enseignement sup\u00e9rieur ;<\/p>\n\n\n\n<p>\u2022 le suivi des projets hospitaliers (H\u00f4pital Le Dantec, H\u00f4pital de Tivaouane et Polyclinique de l\u2019H\u00f4pital principal de Dakar).<\/p>\n\n\n\n<p>AU TITRE DE LA COMMUNICATION DES MINISTRES<\/p>\n\n\n\n<p>\u2022 Le Ministre des Affaires \u00e9trang\u00e8res et des S\u00e9n\u00e9galais de l\u2019Ext\u00e9rieur a fait une communication sur la situation internationale ;<\/p>\n\n\n\n<p>\u2022 Le Ministre de la Sant\u00e9 et de l\u2019Action sociale a fait une communication sur Renforcement des services de Soins Obst\u00e9tricaux et N\u00e9onataux d\u2019Urgence (SONU) et la c\u00e9l\u00e9bration de la semaine de la sant\u00e9 de la m\u00e8re et de l\u2019enfant ;<\/p>\n\n\n\n<p>\u2022 Le Ministre de l\u2019Urbanisme, du Logement et de l\u2019Hygi\u00e8ne publique a fait une communication sur l\u2019\u00e9tat d\u2019avancement du programme 100.000 logements ;<\/p>\n\n\n\n<p>\u2022 Le Ministre des Sports a fait une communication sur situation de la pr\u00e9paration de la participation du S\u00e9n\u00e9gal \u00e0 la \u00ab Coupe du Monde FIFA Qatar 2022 \u00bb.<\/p>\n\n\n\n<p>AU TITRE DES TEXTES LEGISLATIFS ET REGLEMENTAIRES<\/p>\n\n\n\n<p>Le Conseil a \u00e9tudi\u00e9 et adopt\u00e9 les textes suivants :<\/p>\n\n\n\n<p>\u2022 Le projet de d\u00e9cret portant organisation et fonctionnement de l\u2019Ecole<br>nationale sup\u00e9rieure des Mines et de la G\u00e9ologie ;<\/p>\n\n\n\n<p>\u2022 Le projet de d\u00e9cret portant cr\u00e9ation et fixant les r\u00e8gles d\u2019organisation du Conseil national consultatif du Cajou.<\/p>\n","protected":false},"excerpt":{"rendered":"<p>Le Conseil des ministres s\u2019est tenu le mercredi 09 novembre 2022 au Palais de la R\u00e9publique, sous la pr\u00e9sidence du<\/p>\n","protected":false},"author":1,"featured_media":0,"comment_status":"open","ping_status":"open","sticky":false,"template":"","format":"standard","meta":{"footnotes":""},"categories":[6],"tags":[],"class_list":["post-3088","post","type-post","status-publish","format-standard","hentry","category-politics"],"_links":{"self":[{"href":"https:\/\/dekkbi.com\/index.php?rest_route=\/wp\/v2\/posts\/3088","targetHints":{"allow":["GET"]}}],"collection":[{"href":"https:\/\/dekkbi.com\/index.php?rest_route=\/wp\/v2\/posts"}],"about":[{"href":"https:\/\/dekkbi.com\/index.php?rest_route=\/wp\/v2\/types\/post"}],"author":[{"embeddable":true,"href":"https:\/\/dekkbi.com\/index.php?rest_route=\/wp\/v2\/users\/1"}],"replies":[{"embeddable":true,"href":"https:\/\/dekkbi.com\/index.php?rest_route=%2Fwp%2Fv2%2Fcomments&post=3088"}],"version-history":[{"count":1,"href":"https:\/\/dekkbi.com\/index.php?rest_route=\/wp\/v2\/posts\/3088\/revisions"}],"predecessor-version":[{"id":3089,"href":"https:\/\/dekkbi.com\/index.php?rest_route=\/wp\/v2\/posts\/3088\/revisions\/3089"}],"wp:attachment":[{"href":"https:\/\/dekkbi.com\/index.php?rest_route=%2Fwp%2Fv2%2Fmedia&parent=3088"}],"wp:term":[{"taxonomy":"category","embeddable":true,"href":"https:\/\/dekkbi.com\/index.php?rest_route=%2Fwp%2Fv2%2Fcategories&post=3088"},{"taxonomy":"post_tag","embeddable":true,"href":"https:\/\/dekkbi.com\/index.php?rest_route=%2Fwp%2Fv2%2Ftags&post=3088"}],"curies":[{"name":"wp","href":"https:\/\/api.w.org\/{rel}","templated":true}]}}