{"id":30873,"date":"2024-02-07T09:35:50","date_gmt":"2024-02-07T09:35:50","guid":{"rendered":"https:\/\/dekkbi.com\/?p=30873"},"modified":"2024-02-07T09:35:50","modified_gmt":"2024-02-07T09:35:50","slug":"loi-sur-le-report-de-la-presidentielle-lheure-des-barricades","status":"publish","type":"post","link":"https:\/\/dekkbi.com\/?p=30873","title":{"rendered":"Loi sur le report de la Pr\u00e9sidentielle : L\u2019HEURE DES BARRICADES"},"content":{"rendered":"\n<p><strong>L\u2019opposition a r\u00e9agi au lendemain de la modification de l\u2019article 131 prolongeant le mandat du Pr\u00e9sident Macky Sall \u00e0 la t\u00eate du S\u00e9n\u00e9gal jusqu\u2019au mois de d\u00e9cembre, date choisie pour la tenue de l\u2019\u00e9lection pr\u00e9sidentielle. Elle d\u00e9nonce une loi anti-constitutionnelle et annonce l\u2019attaquer au Conseil constitutionnel.&nbsp;<\/strong><\/p>\n\n\n\n<p><strong>Par Malick GAYE \u2013\u00a0<\/strong>Les acteurs politiques r\u00e9agissent \u00e0 la modification de l\u2019article 131 repoussant l\u2019\u00e9lection au mois de d\u00e9cembre prochain. Pour Thierno Alassane Sall, \u00able pr\u00e9sident de la R\u00e9publique s\u2019est arrog\u00e9 des pouvoirs qu\u2019il n\u2019a pas, pi\u00e9tinant la Constitution du S\u00e9n\u00e9gal. Le Parlement vient de violer l\u2019article 103 de la Constitution, qui rend impossible la prolongation du mandat limit\u00e9 \u00e0 cinq ans par l\u2019article 27. Ces man\u0153uvres criminelles sont une injure \u00e0 l\u2019histoire du S\u00e9n\u00e9gal\u00bb. Dans un communiqu\u00e9, le leader du parti La R\u00e9publique des valeurs a affirm\u00e9 que \u00abcette r\u00e9vision doit \u00eatre consid\u00e9r\u00e9e comme nulle et de nul effet. Le mandat de Macky Sall expire le 2 avril. Au-del\u00e0, ce ne serait que par un coup d\u2019Etat flagrant et par une dictature plus d\u00e9complex\u00e9e que Macky Sall pourrait s\u2019imposer\u00bb. C\u2019est le m\u00eame son cloche chez\u00a0Aminata Tour\u00e9. Qui esp\u00e8re que \u00abla loi vot\u00e9e hier sera d\u00e9clar\u00e9e inconstitutionnelle par le Conseil constitutionnel,\u00a0 charg\u00e9 du contr\u00f4le de conformit\u00e9 des lois, et que l\u2019\u00e9lection pr\u00e9sidentielle se tiendra bien le 25 f\u00e9vrier\u00bb. Car, selon Mimi Tour\u00e9, l\u2019Assembl\u00e9e nationale a prolong\u00e9 le mandat de Macky Sall \u00abbien que\u00a0 la Constitution dise clairement que \u00abnul ne peut faire plus de deux mandats cons\u00e9cutifs\u00bb\u00bb.<\/p>\n\n\n\n<p>Malick Gackou a, pour sa part, \u00abcondamn\u00e9 avec la derni\u00e8re \u00e9nergie cette forfaiture et ce coup d\u2019Etat constitutionnel\u00bb, et appel\u00e9 \u00abtoutes les forces vives de la Nation \u00e0 se tenir debout pour exiger le respect du calendrier \u00e9lectoral et la tenue de l\u2019\u00e9lection le 25 f\u00e9vrier 2024\u00bb. C\u2019est dans cette logique qu\u2019il dit avoir introduit une requ\u00eate aux fins de poursuite du processus \u00e9lectoral enregistr\u00e9e au greffe du Conseil constitutionnel ce 5 f\u00e9vrier 2024 sous le num\u00e9ro J\/C\/24.<\/p>\n\n\n\n<p><br><strong>mgaye@lequotidien.sn<\/strong><\/p>\n","protected":false},"excerpt":{"rendered":"<p>L\u2019opposition a r\u00e9agi au lendemain de la modification de l\u2019article 131 prolongeant le mandat du Pr\u00e9sident Macky Sall \u00e0 la<\/p>\n","protected":false},"author":1,"featured_media":30817,"comment_status":"open","ping_status":"open","sticky":false,"template":"","format":"standard","meta":{"footnotes":""},"categories":[6],"tags":[],"class_list":["post-30873","post","type-post","status-publish","format-standard","has-post-thumbnail","hentry","category-politics"],"_links":{"self":[{"href":"https:\/\/dekkbi.com\/index.php?rest_route=\/wp\/v2\/posts\/30873","targetHints":{"allow":["GET"]}}],"collection":[{"href":"https:\/\/dekkbi.com\/index.php?rest_route=\/wp\/v2\/posts"}],"about":[{"href":"https:\/\/dekkbi.com\/index.php?rest_route=\/wp\/v2\/types\/post"}],"author":[{"embeddable":true,"href":"https:\/\/dekkbi.com\/index.php?rest_route=\/wp\/v2\/users\/1"}],"replies":[{"embeddable":true,"href":"https:\/\/dekkbi.com\/index.php?rest_route=%2Fwp%2Fv2%2Fcomments&post=30873"}],"version-history":[{"count":1,"href":"https:\/\/dekkbi.com\/index.php?rest_route=\/wp\/v2\/posts\/30873\/revisions"}],"predecessor-version":[{"id":30874,"href":"https:\/\/dekkbi.com\/index.php?rest_route=\/wp\/v2\/posts\/30873\/revisions\/30874"}],"wp:featuredmedia":[{"embeddable":true,"href":"https:\/\/dekkbi.com\/index.php?rest_route=\/wp\/v2\/media\/30817"}],"wp:attachment":[{"href":"https:\/\/dekkbi.com\/index.php?rest_route=%2Fwp%2Fv2%2Fmedia&parent=30873"}],"wp:term":[{"taxonomy":"category","embeddable":true,"href":"https:\/\/dekkbi.com\/index.php?rest_route=%2Fwp%2Fv2%2Fcategories&post=30873"},{"taxonomy":"post_tag","embeddable":true,"href":"https:\/\/dekkbi.com\/index.php?rest_route=%2Fwp%2Fv2%2Ftags&post=30873"}],"curies":[{"name":"wp","href":"https:\/\/api.w.org\/{rel}","templated":true}]}}