{"id":30816,"date":"2024-02-06T10:57:38","date_gmt":"2024-02-06T10:57:38","guid":{"rendered":"https:\/\/dekkbi.com\/?p=30816"},"modified":"2024-02-06T10:57:39","modified_gmt":"2024-02-06T10:57:39","slug":"report-de-la-presidentielle-reactions-nationales-et-internationales","status":"publish","type":"post","link":"https:\/\/dekkbi.com\/?p=30816","title":{"rendered":"Report de la pr\u00e9sidentielle &#8211; REACTIONS NATIONALES ET INTERNATIONALES"},"content":{"rendered":"\n<p><strong>Youssou Ndour exprime son d\u00e9saccord<\/strong><\/p>\n\n\n\n<p>L&rsquo;Assembl\u00e9e nationale a ent\u00e9rin\u00e9 le report de la pr\u00e9sidentielle qui devait se tenir le 25 f\u00e9vrier 2024. Les \u00e9lecteurs vont maintenir choisir leur prochain pr\u00e9sident le 15 d\u00e9cembre prochain. Une situation que Youssou Ndour, patron du Mouvement \u00ab\u00a0F\u00e9kke Ma Ci Bool\u00e9\u00a0\u00bb, condamne.<\/p>\n\n\n\n<p>Chevill\u00e9 au respect des institutions, Youssou Ndour, r\u00e9publicain convaincu, a toujours pr\u00f4n\u00e9 le respect du calendrier \u00e9lectoral et des dispositions pertinentes de notre charte fondamentale, la Constitution. Dans un communiqu\u00e9, il lance un appel au calme et \u00e0 la paix, seuls moyens par lesquels le S\u00e9n\u00e9gal peut continuer sa marche vers le d\u00e9veloppement.<\/p>\n\n\n\n<p><strong>L&rsquo;Allemagne aussi r\u00e9agit !<\/strong><\/p>\n\n\n\n<p>La R\u00e9publique f\u00e9d\u00e9rale d\u2019Allemagne s\u2019est, elle aussi, jointe au flot de r\u00e9actions sur le report de la pr\u00e9sidentielle.<\/p>\n\n\n\n<p>Dans un texte parcouru par iGFM, le porte-parole du minist\u00e8re Allemand des Affaires \u00e9trang\u00e8res a d\u00e9clar\u00e9 que les autorit\u00e9s de son pays suivent \u00abavec inqui\u00e9tude et grande attention l&rsquo;\u00e9volution de la situation au S\u00e9n\u00e9gal.\u00bb<\/p>\n\n\n\n<p>En effet, l\u2019Allemangne estime que \u00ab\u00a0les S\u00e9n\u00e9galais doivent pouvoir poursuivre le processus \u00e9lectoral et choisir d\u00e9mocratiquement leurs dirigeants politiques.\u00a0\u00bb \u00ab\u00a0Il est de la responsabilit\u00e9 du gouvernement de garantir des \u00e9lections transparentes et inclusives dans le respect des normes de l&rsquo;\u00c9tat de droit\u00a0\u00bb, dit-elle.<\/p>\n\n\n\n<p>L\u2019administration Steinmeier souligne que la tradition d\u00e9mocratique du S\u00e9n\u00e9gal, construite au fil du temps, a toujours \u00e9t\u00e9 un mod\u00e8le dans une r\u00e9gion en proie aux crises et \u00e0 l&rsquo;instabilit\u00e9. \u00abNous appelons toutes les forces politiques \u00e0 pr\u00e9server cette tradition, m\u00eame en ces temps difficiles\u00bb, invite-t-elle.<\/p>\n\n\n\n<p><strong>Le message de la Russie \u00e0 ses fils \u00e9tablis au S\u00e9n\u00e9gal<\/strong><\/p>\n\n\n\n<p>La Russie ne s\u2019est, jusqu\u2019ici, pas exprim\u00e9e sur le report de la pr\u00e9sidentielle s\u00e9n\u00e9galaise. Mais, elle a tenu \u00e0 envoyer un message s\u00e9curitaire \u00e0 ses fils \u00e9tablis au S\u00e9n\u00e9gal.<\/p>\n\n\n\n<p>\u00abEn lien avec d&rsquo;\u00e9ventuelles manifestations de masse au S\u00e9n\u00e9gal li\u00e9es \u00e0 l&rsquo;annulation des \u00e9lections pr\u00e9sidentielles pr\u00e9vues pour le 25 f\u00e9vrier, nous recommandons \u00e0 tous les citoyens russes du pays d&rsquo;\u00e9viter les lieux de rassemblements de masse\u00bb, a post\u00e9 l\u2019ambassade de la Russie au S\u00e9n\u00e9gal sur sa page facebook.<\/p>\n","protected":false},"excerpt":{"rendered":"<p>Youssou Ndour exprime son d\u00e9saccord L&rsquo;Assembl\u00e9e nationale a ent\u00e9rin\u00e9 le report de la pr\u00e9sidentielle qui devait se tenir le 25<\/p>\n","protected":false},"author":1,"featured_media":30817,"comment_status":"open","ping_status":"open","sticky":false,"template":"","format":"standard","meta":{"footnotes":""},"categories":[26],"tags":[],"class_list":["post-30816","post","type-post","status-publish","format-standard","has-post-thumbnail","hentry","category-fait-divers"],"_links":{"self":[{"href":"https:\/\/dekkbi.com\/index.php?rest_route=\/wp\/v2\/posts\/30816","targetHints":{"allow":["GET"]}}],"collection":[{"href":"https:\/\/dekkbi.com\/index.php?rest_route=\/wp\/v2\/posts"}],"about":[{"href":"https:\/\/dekkbi.com\/index.php?rest_route=\/wp\/v2\/types\/post"}],"author":[{"embeddable":true,"href":"https:\/\/dekkbi.com\/index.php?rest_route=\/wp\/v2\/users\/1"}],"replies":[{"embeddable":true,"href":"https:\/\/dekkbi.com\/index.php?rest_route=%2Fwp%2Fv2%2Fcomments&post=30816"}],"version-history":[{"count":1,"href":"https:\/\/dekkbi.com\/index.php?rest_route=\/wp\/v2\/posts\/30816\/revisions"}],"predecessor-version":[{"id":30818,"href":"https:\/\/dekkbi.com\/index.php?rest_route=\/wp\/v2\/posts\/30816\/revisions\/30818"}],"wp:featuredmedia":[{"embeddable":true,"href":"https:\/\/dekkbi.com\/index.php?rest_route=\/wp\/v2\/media\/30817"}],"wp:attachment":[{"href":"https:\/\/dekkbi.com\/index.php?rest_route=%2Fwp%2Fv2%2Fmedia&parent=30816"}],"wp:term":[{"taxonomy":"category","embeddable":true,"href":"https:\/\/dekkbi.com\/index.php?rest_route=%2Fwp%2Fv2%2Fcategories&post=30816"},{"taxonomy":"post_tag","embeddable":true,"href":"https:\/\/dekkbi.com\/index.php?rest_route=%2Fwp%2Fv2%2Ftags&post=30816"}],"curies":[{"name":"wp","href":"https:\/\/api.w.org\/{rel}","templated":true}]}}