{"id":30811,"date":"2024-02-06T10:43:28","date_gmt":"2024-02-06T10:43:28","guid":{"rendered":"https:\/\/dekkbi.com\/?p=30811"},"modified":"2024-02-06T10:43:29","modified_gmt":"2024-02-06T10:43:29","slug":"manifestation-contre-le-report-de-la-presidentielle-151-personnes-arretees","status":"publish","type":"post","link":"https:\/\/dekkbi.com\/?p=30811","title":{"rendered":"Manifestation contre le report de la Pr\u00e9sidentielle: 151 personnes arr\u00eat\u00e9es"},"content":{"rendered":"\n<p>151 personnes ont \u00e9t\u00e9 arr\u00eat\u00e9es par la police entre dimanche et lundi suite aux manifestations contre le\u00a0report de la Pr\u00e9sidentielle.<\/p>\n\n\n\n<p>Des heurts ont \u00e9clat\u00e9 dimanche apr\u00e8s-midi \u00e0 Dakar, o\u00f9 les gendarmes s\u00e9n\u00e9galais ont dispers\u00e9 \u00e0 coups de gaz lacrymog\u00e8nes des centaines de personnes venues manifester contre le report sine die de la pr\u00e9sidentielle pr\u00e9vue \u00e0 la fin du mois. Des opposants et candidats \u00e0 la pr\u00e9sidentielle ont \u00e9t\u00e9 interpell\u00e9s alors qu\u2019ils participaient \u00e0 la manifestation.<\/p>\n\n\n\n<p>En dehors de quelques leaders de partis politiques, dont Anta Babacar Ngom, Aminata Tour\u00e9 et Daouda Ndiaye interpell\u00e9s puis lib\u00e9r\u00e9s \u00e0 hauteur de la VDN, plusieurs manifestants ont \u00e9t\u00e9 arr\u00eat\u00e9s. \u00ab&nbsp;Avant-hier dimanche, sur diff\u00e9rents foyers de tensions, principalement \u00e0 Dakar, Thi\u00e8s, Tivaouane et Mbour\u2026, les policiers ont appr\u00e9hend\u00e9 52 personnes&nbsp;\u00bb, indique L\u2019OBS.<\/p>\n\n\n\n<p>Si, apr\u00e8s v\u00e9rification et enqu\u00eate, certains ont \u00e9t\u00e9 lib\u00e9r\u00e9s, la majorit\u00e9 d\u2019entre eux ont \u00e9t\u00e9 plac\u00e9s en garde \u00e0 vue. \u00ab&nbsp;Dans la journ\u00e9e d\u2019hier lundi, 99 manifestants ont \u00e9t\u00e9 interpell\u00e9s \u00e0 travers diff\u00e9rents foyers de tension , principalement \u00e0 Dakar.&nbsp;\u00bb<\/p>\n\n\n\n<p>Ce qui , selon des sources de L\u2019OBS, porte\u00a0 \u00e0 151 personnes interpell\u00e9es\u00a0 entre dimanche 4 et lundi 5 f\u00e9vrier 2024.<\/p>\n\n\n\n<p>SOURCE SUDQUOTIDIEN<\/p>\n","protected":false},"excerpt":{"rendered":"<p>151 personnes ont \u00e9t\u00e9 arr\u00eat\u00e9es par la police entre dimanche et lundi suite aux manifestations contre le\u00a0report de la Pr\u00e9sidentielle.<\/p>\n","protected":false},"author":1,"featured_media":30812,"comment_status":"open","ping_status":"open","sticky":false,"template":"","format":"standard","meta":{"footnotes":""},"categories":[26],"tags":[],"class_list":["post-30811","post","type-post","status-publish","format-standard","has-post-thumbnail","hentry","category-fait-divers"],"_links":{"self":[{"href":"https:\/\/dekkbi.com\/index.php?rest_route=\/wp\/v2\/posts\/30811","targetHints":{"allow":["GET"]}}],"collection":[{"href":"https:\/\/dekkbi.com\/index.php?rest_route=\/wp\/v2\/posts"}],"about":[{"href":"https:\/\/dekkbi.com\/index.php?rest_route=\/wp\/v2\/types\/post"}],"author":[{"embeddable":true,"href":"https:\/\/dekkbi.com\/index.php?rest_route=\/wp\/v2\/users\/1"}],"replies":[{"embeddable":true,"href":"https:\/\/dekkbi.com\/index.php?rest_route=%2Fwp%2Fv2%2Fcomments&post=30811"}],"version-history":[{"count":1,"href":"https:\/\/dekkbi.com\/index.php?rest_route=\/wp\/v2\/posts\/30811\/revisions"}],"predecessor-version":[{"id":30813,"href":"https:\/\/dekkbi.com\/index.php?rest_route=\/wp\/v2\/posts\/30811\/revisions\/30813"}],"wp:featuredmedia":[{"embeddable":true,"href":"https:\/\/dekkbi.com\/index.php?rest_route=\/wp\/v2\/media\/30812"}],"wp:attachment":[{"href":"https:\/\/dekkbi.com\/index.php?rest_route=%2Fwp%2Fv2%2Fmedia&parent=30811"}],"wp:term":[{"taxonomy":"category","embeddable":true,"href":"https:\/\/dekkbi.com\/index.php?rest_route=%2Fwp%2Fv2%2Fcategories&post=30811"},{"taxonomy":"post_tag","embeddable":true,"href":"https:\/\/dekkbi.com\/index.php?rest_route=%2Fwp%2Fv2%2Ftags&post=30811"}],"curies":[{"name":"wp","href":"https:\/\/api.w.org\/{rel}","templated":true}]}}