{"id":30799,"date":"2024-02-06T10:28:28","date_gmt":"2024-02-06T10:28:28","guid":{"rendered":"https:\/\/dekkbi.com\/?p=30799"},"modified":"2024-02-06T11:03:27","modified_gmt":"2024-02-06T11:03:27","slug":"un-forum-organise-a-bambey-pour-redynamiser-le-secteur-de-lartisanat","status":"publish","type":"post","link":"https:\/\/dekkbi.com\/?p=30799","title":{"rendered":"Cr\u00e9ation d\u2019emplois: Un forum organis\u00e9 \u00e0 Bambey pour redynamiser le secteur de l\u2019artisanat"},"content":{"rendered":"\n<p>Bambey, 5 f\u00e9v (APS) \u2013 La f\u00e9d\u00e9ration des artisans de Bambey (centre) et le mouvement \u00ab&nbsp;Soppi xalat&nbsp;\u00bb ont co-organis\u00e9, au cours du week-end, un forum sur l\u2019artisanat dans le but de \u00ab&nbsp;redynamiser&nbsp;\u00bb le secteur.<\/p>\n\n\n\n<p>La rencontre s\u2019est d\u00e9roul\u00e9e \u00e0 l\u2019esplanade de la mairie de Bambey en pr\u00e9sence du maire, du pr\u00e9sident de l\u2019union nationale des chambres de m\u00e9tiers du S\u00e9n\u00e9gal, du acteurs du secteur de l\u2019artisanat de la r\u00e9gion de Diourbel (centre), sur le th\u00e8me : \u00ab&nbsp;artisanat et cr\u00e9ation d\u2019emplois pour les femmes et les jeunes&nbsp;\u00bb.<\/p>\n\n\n\n<p>\u00ab\u00a0La f\u00e9d\u00e9ration des artisans de Bambey se veut un cadre de dialogue, de concertation pour renforcer les capacit\u00e9s des acteurs. Ce forum entre dans ce cadre pour mutualiser nos forces et faire de l\u2019artisanat le fer de lance de l\u2019\u00e9conomie locale\u00a0\u00bb, a d\u00e9clar\u00e9 dans son discours, le pr\u00e9sident de la f\u00e9d\u00e9ration des artisans de Bambey, Badara Badiane.<\/p>\n\n\n\n<p>Saluant les efforts des autorit\u00e9s locales et du minist\u00e8re de tutelle pour am\u00e9liorer les conditions de travail des artisans, il a invit\u00e9 ses coll\u00e8gues \u00e0 se rapprocher de la chambre des m\u00e9tiers de Diourbel pour b\u00e9n\u00e9ficier des projets mis en place par le gouvernement.<\/p>\n\n\n\n<p>\u00ab&nbsp;Ce forum s\u2019est tenu au lendemain de la r\u00e9ception d\u2019un lot d\u2019\u00e9quipements de couture au profit de trente deux ma\u00eetres tailleurs du d\u00e9partement de Bambey dans le cadre du projet pour l\u2019am\u00e9lioration de l\u2019employabilit\u00e9 des jeunes par l\u2019apprentissage non formel (PEJA)&nbsp;\u00bb, a-t-il rappel\u00e9.<\/p>\n\n\n\n<p>M. Badiane a invit\u00e9 dans la foul\u00e9e les populations \u00e0 utiliser les produits &nbsp;\u00bbmade in S\u00e9n\u00e9gal&nbsp;\u00bb pour valoriser et accompagner la production artisanale.<\/p>\n\n\n\n<p>\u00ab&nbsp;Le secteur artisanal est l\u2019un des secteurs pourvoyeurs d\u2019emplois au niveau local. C\u2019est pourquoi en tant qu\u2019autorit\u00e9 locale nous avons jug\u00e9 utile de prendre part \u00e0 cette journ\u00e9e qui vise \u00e0 redynamiser le secteur&nbsp;\u00bb, a pour sa part indiqu\u00e9 le maire, Assane Dia.<\/p>\n\n\n\n<p>Il a invit\u00e9 les artisans \u00e0 se formaliser pour b\u00e9n\u00e9ficier de la commande publique et de l\u2019appui de la maire. De m\u00eame, il a r\u00e9it\u00e9r\u00e9 sa d\u00e9termination \u00e0 accompagner tous les corps de m\u00e9tier de l\u2019artisanat de Bambey.<\/p>\n","protected":false},"excerpt":{"rendered":"<p>Bambey, 5 f\u00e9v (APS) \u2013 La f\u00e9d\u00e9ration des artisans de Bambey (centre) et le mouvement \u00ab&nbsp;Soppi xalat&nbsp;\u00bb ont co-organis\u00e9, au<\/p>\n","protected":false},"author":1,"featured_media":30800,"comment_status":"open","ping_status":"open","sticky":false,"template":"","format":"standard","meta":{"footnotes":""},"categories":[3],"tags":[],"class_list":["post-30799","post","type-post","status-publish","format-standard","has-post-thumbnail","hentry","category-event-more-news"],"_links":{"self":[{"href":"https:\/\/dekkbi.com\/index.php?rest_route=\/wp\/v2\/posts\/30799","targetHints":{"allow":["GET"]}}],"collection":[{"href":"https:\/\/dekkbi.com\/index.php?rest_route=\/wp\/v2\/posts"}],"about":[{"href":"https:\/\/dekkbi.com\/index.php?rest_route=\/wp\/v2\/types\/post"}],"author":[{"embeddable":true,"href":"https:\/\/dekkbi.com\/index.php?rest_route=\/wp\/v2\/users\/1"}],"replies":[{"embeddable":true,"href":"https:\/\/dekkbi.com\/index.php?rest_route=%2Fwp%2Fv2%2Fcomments&post=30799"}],"version-history":[{"count":2,"href":"https:\/\/dekkbi.com\/index.php?rest_route=\/wp\/v2\/posts\/30799\/revisions"}],"predecessor-version":[{"id":30823,"href":"https:\/\/dekkbi.com\/index.php?rest_route=\/wp\/v2\/posts\/30799\/revisions\/30823"}],"wp:featuredmedia":[{"embeddable":true,"href":"https:\/\/dekkbi.com\/index.php?rest_route=\/wp\/v2\/media\/30800"}],"wp:attachment":[{"href":"https:\/\/dekkbi.com\/index.php?rest_route=%2Fwp%2Fv2%2Fmedia&parent=30799"}],"wp:term":[{"taxonomy":"category","embeddable":true,"href":"https:\/\/dekkbi.com\/index.php?rest_route=%2Fwp%2Fv2%2Fcategories&post=30799"},{"taxonomy":"post_tag","embeddable":true,"href":"https:\/\/dekkbi.com\/index.php?rest_route=%2Fwp%2Fv2%2Ftags&post=30799"}],"curies":[{"name":"wp","href":"https:\/\/api.w.org\/{rel}","templated":true}]}}