{"id":30791,"date":"2024-02-06T10:08:14","date_gmt":"2024-02-06T10:08:14","guid":{"rendered":"https:\/\/dekkbi.com\/?p=30791"},"modified":"2024-02-06T10:08:15","modified_gmt":"2024-02-06T10:08:15","slug":"thierno-alassane-sall-denonce-le-caractere-illegal-de-labrogation-du-decret-convoquant-le-corps-electoral","status":"publish","type":"post","link":"https:\/\/dekkbi.com\/?p=30791","title":{"rendered":"Thierno Alassane Sall d\u00e9nonce le caract\u00e8re \u00ab\u00a0ill\u00e9gal\u00a0\u00bb de l\u2019abrogation du d\u00e9cret convoquant le corps \u00e9lectoral"},"content":{"rendered":"\n<p>Dakar, (APS) \u2013 Le d\u00e9put\u00e9 et candidat \u00e0 l\u2019\u00e9lection pr\u00e9sidentielle, Thierno Alassane Sall, a d\u00e9nonc\u00e9, lundi, \u00e0 Dakar, le caract\u00e8re ill\u00e9gal du d\u00e9cret abrogeant celui convoquant le corps \u00e9lectoral et la proposition de loi constitutionnelle portant d\u00e9rogation aux dispositions de l\u2019article 31 de la Constitution.<\/p>\n\n\n\n<p>\u00ab&nbsp;On n\u2019a pas vu le d\u00e9cret jusqu\u2019ici, on nous dit qu\u2019il devrait faire partie du dossier. D\u2019abord, il n\u2019est pas certainement contresign\u00e9 par le Premier ministre et m\u00eame s\u2019il avait \u00e9t\u00e9 sign\u00e9. Ensuite, c\u2019est un d\u00e9cret ill\u00e9gal car ce n\u2019est parce que le pr\u00e9sident de la R\u00e9publique peut convoquer le coll\u00e8ge \u00e9lectoral qu\u2019il peut le renvoyer&nbsp;\u00bb, a-t-il d\u00e9clar\u00e9.<\/p>\n\n\n\n<p>Thierno Alassane Sall s\u2019entretenait avec journalistes en marge de la s\u00e9ance pl\u00e9ni\u00e8re consacr\u00e9e \u00e0 l\u2019examen de la proposition de loi constitutionnelle portant d\u00e9rogation aux dispositions de l\u2019article 31 de la Constitution initi\u00e9 par le groupe parlementaire Wallu S\u00e9n\u00e9gal.<\/p>\n\n\n\n<p>Les d\u00e9put\u00e9s ont entam\u00e9, lundi, l\u2019examen de la controvers\u00e9e proposition de loi dont l\u2019adoption marquera une \u00e9tape d\u00e9cisive vers le report de l\u2019\u00e9lection pr\u00e9sidentielle du 25 f\u00e9vrier, alors que le chef de l\u2019Etat, Macky Sall&nbsp; a abrog\u00e9 le d\u00e9cret convoquant le corps \u00e9lectoral, entrainant de fait une interruption du processus \u00e9lectoral.<\/p>\n\n\n\n<p>La proposition de loi \u00e9mane de parlementaires du Parti d\u00e9mocratique s\u00e9n\u00e9galais (PDS), dont la candidature de son leader, Karim Wade, a \u00e9t\u00e9 d\u00e9clar\u00e9e irrecevable par le Conseil constitutionnel pour cause de double nationalit\u00e9.<\/p>\n\n\n\n<p>Elle fait suite \u00e0 une r\u00e9solution adopt\u00e9e par l\u2019Assembl\u00e9e nationale en vue de la cr\u00e9ation d\u2019une commission d\u2019enqu\u00eate parlementaire visant \u00e0 faire la lumi\u00e8re sur des accusations de suppos\u00e9es de corruption et de conflits d\u2019int\u00e9r\u00eat visant certains membres du Conseil constitutionnel.<\/p>\n\n\n\n<p>Ces accusations ont \u00e9t\u00e9 port\u00e9es par le Parti d\u00e9mocratique s\u00e9n\u00e9galais, la formation politique de l\u2019ancien pr\u00e9sident Me Abdoulaye Wade (2000-2012).<\/p>\n\n\n\n<p>Les d\u00e9put\u00e9s du groupe Libert\u00e9 et d\u00e9mocratie ont b\u00e9n\u00e9fici\u00e9 des voix des d\u00e9put\u00e9s de la majorit\u00e9 pr\u00e9sidentielle, Benno Bok Yaakar (BBY), pour faire passer cette r\u00e9solution<\/p>\n\n\n\n<p>\u00ab&nbsp;(\u2026.) ce n\u2019est pas parce que le pr\u00e9sident peut nommer les juges du Conseil constitutionnel qu\u2019il peut les r\u00e9voquer car ses pouvoirs r\u00e9glementaires sont encadr\u00e9s, il ne peut pas d\u00e9cider ce qu\u2019il veut&nbsp;\u00bb, a-t-il-rappel\u00e9.<\/p>\n\n\n\n<p>Selon Thierno Alassane Sall, \u201cdans l\u2019extraordinaire o\u00f9 le pr\u00e9sident de la R\u00e9publique aurait \u00e0 prendre ce d\u00e9cret, il aurait d\u00fb attendre au moins la modification de la constitution&nbsp;\u00bb.<\/p>\n\n\n\n<p>\u201cDonc on est dans une situation extr\u00eamement claire o\u00f9 (les d\u00e9put\u00e9s de la majorit\u00e9 et du groupe Wallu) ne respectent pas la loi et la R\u00e9publique&nbsp;\u00bb, a-t-il- insist\u00e9.<\/p>\n\n\n\n<p>Le Parti d\u00e9mocratique s\u00e9n\u00e9galais (PDS) a demand\u00e9 et obtenu la mise en place d\u2019une commission d\u2019enqu\u00eate parlementaire apr\u00e8s l\u2019invalidation de la candidature de Karim Wade \u00e0 l\u2019\u00e9lection pr\u00e9sidentielle pour cause de double nationalit\u00e9.<\/p>\n\n\n\n<p>Le PDS a appuy\u00e9 sa demande par des accusations de corruption pr\u00e9sum\u00e9e \u00e0 l\u2019encontre de certains membres du Conseil constitutionnel, charg\u00e9 de l\u2019examen des candidatures \u00e0 ce scrutin.<\/p>\n\n\n\n<p>\u00ab&nbsp;Ils accusent le Conseil constitutionnel de corruption et sur ces bases, ils convoquent l\u2019Assembl\u00e9e nationale alors que c\u2019est tr\u00e8s clair que Karim Wade a fait deux fois parjures. Ce groupe qui le soutient accuse des juges de corruption et refuse de reconnaitre que leur candidat est dans l\u2019ill\u00e9galit\u00e9&nbsp;\u00bb, a d\u00e9nonc\u00e9 Thierno Alassane Sall.<\/p>\n\n\n\n<p>&nbsp;\u00bbCe n\u2019est pas moi qui ai exclu Karim Wade. C\u2019est lui qui s\u2019est auto-exclu en ne respectant pas l\u2019article 26 de la Constitution&nbsp;\u00bb, a pr\u00e9cis\u00e9 M. Sall \u00e0 l\u2019origine de la requ\u00eate ayant abouti \u00e0 l\u2019invalidation de la candidature de Karim Wade.<\/p>\n\n\n\n<p>ABD\/OID<\/p>\n","protected":false},"excerpt":{"rendered":"<p>Dakar, (APS) \u2013 Le d\u00e9put\u00e9 et candidat \u00e0 l\u2019\u00e9lection pr\u00e9sidentielle, Thierno Alassane Sall, a d\u00e9nonc\u00e9, lundi, \u00e0 Dakar, le caract\u00e8re<\/p>\n","protected":false},"author":1,"featured_media":30792,"comment_status":"open","ping_status":"open","sticky":false,"template":"","format":"standard","meta":{"footnotes":""},"categories":[6],"tags":[],"class_list":["post-30791","post","type-post","status-publish","format-standard","has-post-thumbnail","hentry","category-politics"],"_links":{"self":[{"href":"https:\/\/dekkbi.com\/index.php?rest_route=\/wp\/v2\/posts\/30791","targetHints":{"allow":["GET"]}}],"collection":[{"href":"https:\/\/dekkbi.com\/index.php?rest_route=\/wp\/v2\/posts"}],"about":[{"href":"https:\/\/dekkbi.com\/index.php?rest_route=\/wp\/v2\/types\/post"}],"author":[{"embeddable":true,"href":"https:\/\/dekkbi.com\/index.php?rest_route=\/wp\/v2\/users\/1"}],"replies":[{"embeddable":true,"href":"https:\/\/dekkbi.com\/index.php?rest_route=%2Fwp%2Fv2%2Fcomments&post=30791"}],"version-history":[{"count":1,"href":"https:\/\/dekkbi.com\/index.php?rest_route=\/wp\/v2\/posts\/30791\/revisions"}],"predecessor-version":[{"id":30793,"href":"https:\/\/dekkbi.com\/index.php?rest_route=\/wp\/v2\/posts\/30791\/revisions\/30793"}],"wp:featuredmedia":[{"embeddable":true,"href":"https:\/\/dekkbi.com\/index.php?rest_route=\/wp\/v2\/media\/30792"}],"wp:attachment":[{"href":"https:\/\/dekkbi.com\/index.php?rest_route=%2Fwp%2Fv2%2Fmedia&parent=30791"}],"wp:term":[{"taxonomy":"category","embeddable":true,"href":"https:\/\/dekkbi.com\/index.php?rest_route=%2Fwp%2Fv2%2Fcategories&post=30791"},{"taxonomy":"post_tag","embeddable":true,"href":"https:\/\/dekkbi.com\/index.php?rest_route=%2Fwp%2Fv2%2Ftags&post=30791"}],"curies":[{"name":"wp","href":"https:\/\/api.w.org\/{rel}","templated":true}]}}