{"id":30782,"date":"2024-02-06T09:52:31","date_gmt":"2024-02-06T09:52:31","guid":{"rendered":"https:\/\/dekkbi.com\/?p=30782"},"modified":"2024-02-06T10:47:49","modified_gmt":"2024-02-06T10:47:49","slug":"retrait-de-la-licence-de-diffusion-du-groupe-walfadjri-de-maniere-definitive-avec-effet-immediat-officiel","status":"publish","type":"post","link":"https:\/\/dekkbi.com\/?p=30782","title":{"rendered":"Retrait de la licence de diffusion du groupe Walfadjri \u2018\u2019de mani\u00e8re d\u00e9finitive avec effet imm\u00e9diat\u2019\u2019 (officiel)"},"content":{"rendered":"\n<p>Dakar, (APS) \u2013 Le ministre de la Communications, des T\u00e9l\u00e9communications et de l\u2019Economie num\u00e9rique a annonc\u00e9, lundi, le retrait de la licence de diffusion des programmes du groupe Walfadjri \u2018\u2019de mani\u00e8re d\u00e9finitive avec effet imm\u00e9diat\u2019\u2019.<\/p>\n\n\n\n<p>Dans la foul\u00e9e des violences qui ont \u00e9clat\u00e9 dimanche \u00e0 Dakar apr\u00e8s que des candidats \u00e0 l\u2019\u00e9lection pr\u00e9sidentielle ont appel\u00e9 leurs partisans \u00e0 un rassemblement pour lancer la campagne \u00e9lectorale qui devait d\u00e9buter le m\u00eame jour, en d\u00e9pit de la suspension du processus \u00e9lectoral par le chef de l\u2019Etat, le signal de la chaine de t\u00e9l\u00e9vision priv\u00e9e Walf TV a \u00e9t\u00e9 coup\u00e9 par les autorit\u00e9s pour \u2018\u2019incitation \u00e0 la violence\u2019\u2019.<\/p>\n\n\n\n<p>Le ministre de la Communication Moussa Bocar Thiam a invoqu\u00e9 les dispositions de l\u2019article 142 du Code de la presse selon lesquelles &nbsp;\u00bbl\u2019autorit\u00e9 comp\u00e9tente proc\u00e8de \u00e0 la r\u00e9vocation de la licence si son b\u00e9n\u00e9ficiaire ne paie les redevances apr\u00e8s mise en demeure ; n\u2019observe pas les prescriptions l\u00e9gislatives, r\u00e9glementaires et contractuelle relatives \u00e0 la licence\u2026\u2019\u2019.<\/p>\n\n\n\n<p>Selon lui, le groupe Walfadjri \u2018\u2019est en \u00e9tat de r\u00e9cidive manifeste\u2019\u2019 pour avoir fait l\u2019objet de mesure de suspension \u00e0 trois reprises.<\/p>\n\n\n\n<p>Il pr\u00e9cise que ces \u2018\u2019violations r\u00e9p\u00e9t\u00e9es des prescriptions l\u00e9gislatives, r\u00e9glementaires et contractuelles relatives \u00e0 la licence sont volontaires et visent \u00e0 porter atteinte \u00e0 la s\u00e9curit\u00e9 et \u00e0 la stabilit\u00e9 du pays\u2019\u2019.<\/p>\n\n\n\n<p>La mesure de retrait de la licence de Walfadjri a suscit\u00e9 une vague de condamnation des organisations de d\u00e9fense des droits de l\u2019homme.<\/p>\n\n\n\n<p>\u00ab&nbsp;La libert\u00e9 de la presse est un pilier fondamental de toute d\u00e9mocratie, garantissant la pluralit\u00e9 et&nbsp; la diversit\u00e9 des m\u00e9dias. Nous appelons le gouvernement s\u00e9n\u00e9galais \u00e0 reconsid\u00e9rer cette mesure&nbsp; de retrait de licence de Walf TV et \u00e0 respecter les principes qui sous-tendent la libert\u00e9&nbsp; d\u2019expression\u2019\u2019, ont d\u00e9clar\u00e9 Amnesty International S\u00e9n\u00e9gal, ARTICLE 19 S\u00e9n\u00e9gal et Afrique de l\u2019ouest, La Rencontre Africaine pour la D\u00e9fense des Droits de l\u2019Homme (RADDHO), Ligue S\u00e9n\u00e9galaise des Droits Humains (LSDH) et Africtivistes.<\/p>\n\n\n\n<p>OID<\/p>\n\n\n\n<p>=============================<\/p>\n\n\n\n<p><strong>Retrait de la licence de Walf : \u00ab 50 agents vir\u00e9s dans l\u2019imm\u00e9diat, 100 \u00e0 court et moyen terme \u00bb<\/strong><\/p>\n\n\n\n<p>SUD QUOTIDIEN &#8211; Apr\u00e8s la coupure de son signal, le mois de juin dernier, pour 30 jours,<a href=\"https:\/\/www.senenews.com\/actualites\/la-licence-de-walfadjiri-retiree-la-reaction-emouvante-de-salma-niass-fille-de-sidy-lamine-niass-video_480112.html\">\u00a0Walf Tv<\/a>\u00a0voit cette fois-ci sa licence retir\u00e9e par les autorit\u00e9s s\u00e9n\u00e9galaises depuis hier, dimanche 4 f\u00e9vrier 2024. Les cons\u00e9quences sont dramatiques.<\/p>\n\n\n\n<p>Les cons\u00e9quences \u00e9conomiques et sociales du retrait de la licence de Walfadjri sont \u00e9normes. Interrog\u00e9 par L\u2019OBS, le PDG du Groupe Cheikh Niass d\u00e9clare qu\u2019ils seront contraints de mettre une bonne partie du personnel au ch\u00f4mage technique.<\/p>\n\n\n\n<p>Dans l\u2019imm\u00e9diat, une cinquantaine d\u2019agents seront envoy\u00e9s au ch\u00f4mage et une centaine \u00e0 court et moyen terme&nbsp;\u00bb, a annonc\u00e9 Cheikh Niass. \u00ab&nbsp;Il faut savoir que nous n\u2019avons pas le choix. Ce n\u2019est pas de gaiet\u00e9 de coeur que nous allons nous s\u00e9parer d\u2019eux (\u2026) Nous sommes oblig\u00e9s de fermer certaines d\u00e9partements pour nous consacrer au digital ou encore \u00e0 la radio&nbsp;\u00bb? a-t-il soulign\u00e9.<\/p>\n\n\n\n<p>Le groupe Walfadjri compte un peu plus de 200 employ\u00e9s.<\/p>\n","protected":false},"excerpt":{"rendered":"<p>Dakar, (APS) \u2013 Le ministre de la Communications, des T\u00e9l\u00e9communications et de l\u2019Economie num\u00e9rique a annonc\u00e9, lundi, le retrait de<\/p>\n","protected":false},"author":1,"featured_media":30783,"comment_status":"open","ping_status":"open","sticky":false,"template":"","format":"standard","meta":{"footnotes":""},"categories":[26],"tags":[],"class_list":["post-30782","post","type-post","status-publish","format-standard","has-post-thumbnail","hentry","category-fait-divers"],"_links":{"self":[{"href":"https:\/\/dekkbi.com\/index.php?rest_route=\/wp\/v2\/posts\/30782","targetHints":{"allow":["GET"]}}],"collection":[{"href":"https:\/\/dekkbi.com\/index.php?rest_route=\/wp\/v2\/posts"}],"about":[{"href":"https:\/\/dekkbi.com\/index.php?rest_route=\/wp\/v2\/types\/post"}],"author":[{"embeddable":true,"href":"https:\/\/dekkbi.com\/index.php?rest_route=\/wp\/v2\/users\/1"}],"replies":[{"embeddable":true,"href":"https:\/\/dekkbi.com\/index.php?rest_route=%2Fwp%2Fv2%2Fcomments&post=30782"}],"version-history":[{"count":2,"href":"https:\/\/dekkbi.com\/index.php?rest_route=\/wp\/v2\/posts\/30782\/revisions"}],"predecessor-version":[{"id":30815,"href":"https:\/\/dekkbi.com\/index.php?rest_route=\/wp\/v2\/posts\/30782\/revisions\/30815"}],"wp:featuredmedia":[{"embeddable":true,"href":"https:\/\/dekkbi.com\/index.php?rest_route=\/wp\/v2\/media\/30783"}],"wp:attachment":[{"href":"https:\/\/dekkbi.com\/index.php?rest_route=%2Fwp%2Fv2%2Fmedia&parent=30782"}],"wp:term":[{"taxonomy":"category","embeddable":true,"href":"https:\/\/dekkbi.com\/index.php?rest_route=%2Fwp%2Fv2%2Fcategories&post=30782"},{"taxonomy":"post_tag","embeddable":true,"href":"https:\/\/dekkbi.com\/index.php?rest_route=%2Fwp%2Fv2%2Ftags&post=30782"}],"curies":[{"name":"wp","href":"https:\/\/api.w.org\/{rel}","templated":true}]}}