{"id":30779,"date":"2024-02-06T09:45:43","date_gmt":"2024-02-06T09:45:43","guid":{"rendered":"https:\/\/dekkbi.com\/?p=30779"},"modified":"2024-02-06T09:46:02","modified_gmt":"2024-02-06T09:46:02","slug":"les-deputes-de-bby-et-de-wallu-enterinent-le-report-de-la-presidentielle-au-15-decembre-2024","status":"publish","type":"post","link":"https:\/\/dekkbi.com\/?p=30779","title":{"rendered":"Les d\u00e9put\u00e9s de BBY et de Wallu ent\u00e9rinent le report de la pr\u00e9sidentielle au 15 d\u00e9cembre 2024"},"content":{"rendered":"\n<p>Dakar,  (APS) \u2013 Les d\u00e9put\u00e9s de Benno Bokk Yaakaar et de Wallu ont vot\u00e9, lundi soir, la proposition de loi reportant l\u2019\u00e9lection pr\u00e9sidentielle initialement pr\u00e9vue le 25 f\u00e9vrier au 15 d\u00e9cembre 2024.<\/p>\n\n\n\n<p>Ce vote sans d\u00e9bat s\u2019est d\u00e9roul\u00e9 sous la surveillance des gendarmes apr\u00e8s que les opposants ont bloqu\u00e9 pendant plus d\u2019une heure la s\u00e9ance pl\u00e9ni\u00e8re.<\/p>\n\n\n\n<p>Ils n\u2019ont pas finalement assist\u00e9 au vot\u00e9.<\/p>\n\n\n\n<p>Le mandat du pr\u00e9sident Macky Sall prend officiellement fin le 2 avril.&nbsp;<\/p>\n\n\n\n<p>Cette pr\u00e9sente&nbsp;loi qui apporte une d\u00e9rogation aux dispositions de l\u2019article 31 de la constitution&nbsp;donne droit \u00e9galement au pr\u00e9sident de la R\u00e9publique en exercice de poursuivre ses fonctions jusqu\u2019\u00e0 l\u2019installation de son successeur.<\/p>\n\n\n\n<p>Les d\u00e9put\u00e9s ont entam\u00e9, lundi, vers 13h, l\u2019examen de la proposition de loi dont l\u2019adoption marquera une \u00e9tape d\u00e9cisive vers le report de l\u2019\u00e9lection pr\u00e9sidentielle du 25 f\u00e9vrier, alors que le chef de l\u2019Etat, Macky Sall&nbsp;a abrog\u00e9 le d\u00e9cret convoquant le corps \u00e9lectoral, entrainant de fait une interruption du processus \u00e9lectoral.<\/p>\n\n\n\n<p>La tr\u00e8s controvers\u00e9e proposition de loi \u00e9mane de parlementaires du Parti d\u00e9mocratique s\u00e9n\u00e9galais (PDS), dont la candidature de son leader, Karim Wade, a \u00e9t\u00e9 d\u00e9clar\u00e9e irrecevable par le Conseil constitutionnel pour cause de double nationalit\u00e9.<\/p>\n\n\n\n<p>Elle fait suite \u00e0 une r\u00e9solution adopt\u00e9e par l\u2019Assembl\u00e9e nationale en vue de la cr\u00e9ation d\u2019une commission d\u2019enqu\u00eate parlementaire visant \u00e0 faire la lumi\u00e8re sur des accusations de suppos\u00e9es de corruption et de conflits d\u2019int\u00e9r\u00eat visant certains membres du Conseil constitutionnel.<\/p>\n\n\n\n<p>Ces accusations ont \u00e9t\u00e9 port\u00e9es par le Parti d\u00e9mocratique s\u00e9n\u00e9galais, la formation politique de l\u2019ancien pr\u00e9sident Me Abdoulaye Wade (2000-2012).<\/p>\n\n\n\n<p>Les d\u00e9put\u00e9s du groupe Libert\u00e9 et d\u00e9mocratie ont b\u00e9n\u00e9fici\u00e9 des voix des d\u00e9put\u00e9s de la majorit\u00e9 pr\u00e9sidentielle, Benno Bok Yaakar (BBY), pour faire passer cette r\u00e9solution.<\/p>\n\n\n\n<p>\u00a0\u00ab\u00a0Il s\u2019agit tout simplement d\u2019un coup d\u2019\u00c9tat constitutionnel, orchestr\u00e9 par le r\u00e9gime en place, en complicit\u00e9 avec la CEDEAO, l\u2019Union europ\u00e9enne\u00a0\u00bb, a de son c\u00f4t\u00e9 r\u00e9agi le pr\u00e9sident du groupe parlementaire de la coalition Yewwi Askan Wi de la l\u2019opposition, Biram Souleye Diop.<\/p>\n\n\n\n<p>MK\/OID<\/p>\n","protected":false},"excerpt":{"rendered":"<p>Dakar, (APS) \u2013 Les d\u00e9put\u00e9s de Benno Bokk Yaakaar et de Wallu ont vot\u00e9, lundi soir, la proposition de loi<\/p>\n","protected":false},"author":1,"featured_media":30780,"comment_status":"open","ping_status":"open","sticky":false,"template":"","format":"standard","meta":{"footnotes":""},"categories":[6],"tags":[],"class_list":["post-30779","post","type-post","status-publish","format-standard","has-post-thumbnail","hentry","category-politics"],"_links":{"self":[{"href":"https:\/\/dekkbi.com\/index.php?rest_route=\/wp\/v2\/posts\/30779","targetHints":{"allow":["GET"]}}],"collection":[{"href":"https:\/\/dekkbi.com\/index.php?rest_route=\/wp\/v2\/posts"}],"about":[{"href":"https:\/\/dekkbi.com\/index.php?rest_route=\/wp\/v2\/types\/post"}],"author":[{"embeddable":true,"href":"https:\/\/dekkbi.com\/index.php?rest_route=\/wp\/v2\/users\/1"}],"replies":[{"embeddable":true,"href":"https:\/\/dekkbi.com\/index.php?rest_route=%2Fwp%2Fv2%2Fcomments&post=30779"}],"version-history":[{"count":1,"href":"https:\/\/dekkbi.com\/index.php?rest_route=\/wp\/v2\/posts\/30779\/revisions"}],"predecessor-version":[{"id":30781,"href":"https:\/\/dekkbi.com\/index.php?rest_route=\/wp\/v2\/posts\/30779\/revisions\/30781"}],"wp:featuredmedia":[{"embeddable":true,"href":"https:\/\/dekkbi.com\/index.php?rest_route=\/wp\/v2\/media\/30780"}],"wp:attachment":[{"href":"https:\/\/dekkbi.com\/index.php?rest_route=%2Fwp%2Fv2%2Fmedia&parent=30779"}],"wp:term":[{"taxonomy":"category","embeddable":true,"href":"https:\/\/dekkbi.com\/index.php?rest_route=%2Fwp%2Fv2%2Fcategories&post=30779"},{"taxonomy":"post_tag","embeddable":true,"href":"https:\/\/dekkbi.com\/index.php?rest_route=%2Fwp%2Fv2%2Ftags&post=30779"}],"curies":[{"name":"wp","href":"https:\/\/api.w.org\/{rel}","templated":true}]}}