{"id":30776,"date":"2024-02-06T09:41:57","date_gmt":"2024-02-06T09:41:57","guid":{"rendered":"https:\/\/dekkbi.com\/?p=30776"},"modified":"2024-02-06T11:00:24","modified_gmt":"2024-02-06T11:00:24","slug":"le-senegal-en-ebullition-le-coup-de-theatre-institutionnel-et-lenigme-de-lelection-presidentielle-par-momar-dieng-diop","status":"publish","type":"post","link":"https:\/\/dekkbi.com\/?p=30776","title":{"rendered":"S\u00e9n\u00e9gal en\u00a0Ebullition:\u00a0coup de Th\u00e9\u00e2tre Institutionnel et\u00a0l&rsquo;Enigme\u00a0de\u00a0l&rsquo;Election\u00a0Pr\u00e9sidentielle\u00a0"},"content":{"rendered":"\n<p>Le S\u00e9n\u00e9gal, traditionnellement un bastion de stabilit\u00e9 politique en Afrique de l&rsquo;Ouest,&nbsp;est actuellement secou\u00e9&nbsp;par un coup de th\u00e9\u00e2tre institutionnel inattendu.<\/p>\n\n\n\n<p>Le 25 f\u00e9vrier 2024 aurait d\u00fb marquer la tenue de l&rsquo;\u00e9lection pr\u00e9sidentielle, mais une s\u00e9rie d&rsquo;\u00e9v\u00e9nements est en phase d&rsquo;entra\u00eener malheureusement &nbsp;son report.<\/p>\n\n\n\n<p>Cette d\u00e9cision inattendue a \u00e9t\u00e9 largement fustig\u00e9e, remettant en question les fondements m\u00eame de la d\u00e9mocratie s\u00e9n\u00e9galaise.<\/p>\n\n\n\n<p>La convocation du dialogue national, annonc\u00e9e comme une tentative de r\u00e9soudre la crise, a \u00e9t\u00e9 elle aussi l&rsquo;objet de critiques acerbes. Nombreux sont ceux qui consid\u00e8rent cette d\u00e9marche comme une tentative de camoufler les v\u00e9ritables motifs derri\u00e8re le report de l&rsquo;\u00e9lection, plut\u00f4t que de trouver une solution transparente et consensuelle.<\/p>\n\n\n\n<p>Malgr\u00e9 la n\u00e9cessit\u00e9 d&rsquo;un dialogue national inclusif, la mani\u00e8re dont il a \u00e9t\u00e9 orchestr\u00e9 a soulev\u00e9 des doutes quant \u00e0 son efficacit\u00e9 r\u00e9elle.<\/p>\n\n\n\n<p>Certains voient cette convocation comme un moyen pour certains acteurs de gagner du temps, cr\u00e9ant ainsi un sentiment d&rsquo;impuissance au sein de la population qui aspire \u00e0 des actions concr\u00e8tes plut\u00f4t qu&rsquo;\u00e0 des discours politiques &nbsp;vides.<\/p>\n\n\n\n<p>&nbsp;Le report en perspective &nbsp;de l&rsquo;\u00e9lection et les circonstances entourant cette d\u00e9cision jettent une ombre sur l&rsquo;int\u00e9grit\u00e9 du processus d\u00e9mocratique, suscitant des inqui\u00e9tudes quant \u00e0 l&rsquo;\u00e9quit\u00e9 et \u00e0 la justice dans le traitement des candidatures.<\/p>\n\n\n\n<p>Aujourd&rsquo;hui, le S\u00e9n\u00e9gal se trouve dans une impasse politique d\u00e9concertante, devenant malheureusement la ris\u00e9e de l&rsquo;opinion nationale et internationale.<\/p>\n\n\n\n<p>La cr\u00e9dibilit\u00e9 du pays en tant que mod\u00e8le de stabilit\u00e9 d\u00e9mocratique est s\u00e9rieusement \u00e9branl\u00e9e, jetant des doutes sur sa capacit\u00e9 \u00e0 respecter les principes fondamentaux de la d\u00e9mocratie.<\/p>\n\n\n\n<p>Cette situation a des implications profondes non seulement pour le S\u00e9n\u00e9gal mais \u00e9galement sur la sc\u00e8ne internationale, car elle met en lumi\u00e8re les fragilit\u00e9s de la gouvernance d\u00e9mocratique dans un contexte o\u00f9 la stabilit\u00e9 politique est d\u00e9j\u00e0 mise \u00e0 l&rsquo;\u00e9preuve.<\/p>\n\n\n\n<p>Macky Sall persiste \u00e0 laisser une empreinte regrettable dans l&rsquo;histoire politique s\u00e9n\u00e9galaise, car, pour la premi\u00e8re fois, le calendrier \u00e9lectoral n&rsquo;est pas respect\u00e9, t\u00e9moignant d&rsquo;un m\u00e9pris et d&rsquo;un manque de consid\u00e9ration.<\/p>\n\n\n\n<p>Cette violation suscite des inqui\u00e9tudes quant \u00e0 la stabilit\u00e9 d\u00e9mocratique du pays.<\/p>\n\n\n\n<p>L&rsquo;opposition et une partie de la population expriment leur pr\u00e9occupation face \u00e0 cette d\u00e9rive, soulignant que le pouvoir en place a r\u00e9ussi \u00e0 imposer son agenda au d\u00e9triment des principes r\u00e9publicains.<\/p>\n\n\n\n<p>Cette situation soul\u00e8ve une question fondamentale : quand aura lieu l&rsquo;\u00e9lection pr\u00e9sidentielle ?<\/p>\n\n\n\n<p>L&rsquo;incertitude entourant la date de ce scrutin majeur alimente le m\u00e9contentement et les appr\u00e9hensions au sein de la population s\u00e9n\u00e9galaise. Certains redoutent que le report de l&rsquo;\u00e9lection ne soit qu&rsquo;un moyen de consolider le pouvoir en place, sapant ainsi la l\u00e9gitimit\u00e9 du processus \u00e9lectoral.<\/p>\n\n\n\n<p>Quels plans&nbsp; ou stratag\u00e8mes pourraient \u00eatre en jeu&nbsp;?<\/p>\n\n\n\n<p>Quelle sera la prochaine forfaiture du ma\u00eetre des lieux, peut-\u00eatre un deal en perspective&nbsp;?<\/p>\n\n\n\n<p>En d\u00e9pit de ces man\u0153uvres politiques, nombreux sont ceux qui pensent que le peuple&nbsp;souverain, exprimera&nbsp;sa volont\u00e9 &nbsp;de mani\u00e8re vigoureuse dans les mois&nbsp;\u00e1 venir.<\/p>\n\n\n\n<p>Le coup d&rsquo;\u00e9clat r\u00e9ussi par le pouvoir pourrait bien \u00eatre de courte dur\u00e9e, car la r\u00e9silience de la population et son engagement en faveur de la d\u00e9mocratie pourraient se manifester de mani\u00e8re d\u00e9cisive lors de la prochaine \u00e9lection pr\u00e9sidentielle.<\/p>\n\n\n\n<p>&nbsp;Ainsi, l&rsquo;avenir politique du S\u00e9n\u00e9gal demeure incertain, mais le peuple semble pr\u00eat \u00e0 d\u00e9fendre ses droits et sa voix.<\/p>\n\n\n\n<p>En d\u00e9finitive, le report de l&rsquo;\u00e9lection pr\u00e9sidentielle, et le doute jet\u00e9 sur l&rsquo;\u00e9quit\u00e9 du processus \u00e9lectoral ont plong\u00e9 le S\u00e9n\u00e9gal dans une situation politique sans pr\u00e9c\u00e9dent.<\/p>\n\n\n\n<p>La n\u00e9cessit\u00e9 d&rsquo;une r\u00e9solution rapide et transparente de cette crise est imp\u00e9rative pour restaurer la confiance nationale et internationale envers la d\u00e9mocratie s\u00e9n\u00e9galaise.<\/p>\n\n\n\n<p><strong>MOMAR DIENG DIOP \/ESPAGNE.<\/strong><\/p>\n","protected":false},"excerpt":{"rendered":"<p>Le S\u00e9n\u00e9gal, traditionnellement un bastion de stabilit\u00e9 politique en Afrique de l&rsquo;Ouest,&nbsp;est actuellement secou\u00e9&nbsp;par un coup de th\u00e9\u00e2tre institutionnel inattendu.<\/p>\n","protected":false},"author":1,"featured_media":30777,"comment_status":"open","ping_status":"open","sticky":false,"template":"","format":"standard","meta":{"footnotes":""},"categories":[21],"tags":[],"class_list":["post-30776","post","type-post","status-publish","format-standard","has-post-thumbnail","hentry","category-societe"],"_links":{"self":[{"href":"https:\/\/dekkbi.com\/index.php?rest_route=\/wp\/v2\/posts\/30776","targetHints":{"allow":["GET"]}}],"collection":[{"href":"https:\/\/dekkbi.com\/index.php?rest_route=\/wp\/v2\/posts"}],"about":[{"href":"https:\/\/dekkbi.com\/index.php?rest_route=\/wp\/v2\/types\/post"}],"author":[{"embeddable":true,"href":"https:\/\/dekkbi.com\/index.php?rest_route=\/wp\/v2\/users\/1"}],"replies":[{"embeddable":true,"href":"https:\/\/dekkbi.com\/index.php?rest_route=%2Fwp%2Fv2%2Fcomments&post=30776"}],"version-history":[{"count":2,"href":"https:\/\/dekkbi.com\/index.php?rest_route=\/wp\/v2\/posts\/30776\/revisions"}],"predecessor-version":[{"id":30821,"href":"https:\/\/dekkbi.com\/index.php?rest_route=\/wp\/v2\/posts\/30776\/revisions\/30821"}],"wp:featuredmedia":[{"embeddable":true,"href":"https:\/\/dekkbi.com\/index.php?rest_route=\/wp\/v2\/media\/30777"}],"wp:attachment":[{"href":"https:\/\/dekkbi.com\/index.php?rest_route=%2Fwp%2Fv2%2Fmedia&parent=30776"}],"wp:term":[{"taxonomy":"category","embeddable":true,"href":"https:\/\/dekkbi.com\/index.php?rest_route=%2Fwp%2Fv2%2Fcategories&post=30776"},{"taxonomy":"post_tag","embeddable":true,"href":"https:\/\/dekkbi.com\/index.php?rest_route=%2Fwp%2Fv2%2Ftags&post=30776"}],"curies":[{"name":"wp","href":"https:\/\/api.w.org\/{rel}","templated":true}]}}